{"id":67910,"date":"2010-08-26T01:47:28","date_gmt":"2010-08-25T23:47:28","guid":{"rendered":"http:\/\/www.fuldaer-nachrichten.de\/?p=67910"},"modified":"2010-08-25T16:47:37","modified_gmt":"2010-08-25T14:47:37","slug":"deutsch-polnische-hochschulkooperation-studierende-sammeln-erfahrungen-in-internationalem-management","status":"publish","type":"post","link":"https:\/\/www.fuldaernachrichten.de\/?p=67910","title":{"rendered":"Deutsch-polnische Hochschulkooperation: Studierende sammeln Erfahrungen in internationalem Management"},"content":{"rendered":"<p><strong><a href=\"http:\/\/www.fuldaer-nachrichten.de\/wp-content\/uploads\/2010\/08\/100825_Studierende.jpg\"><img decoding=\"async\" class=\"alignleft size-thumbnail wp-image-67911\" title=\"100825_Studierende\" src=\"http:\/\/www.fuldaer-nachrichten.de\/wp-content\/uploads\/2010\/08\/100825_Studierende-265x176.jpg\" alt=\"\" width=\"265\" height=\"176\" srcset=\"https:\/\/www.fuldaernachrichten.de\/wp-content\/uploads\/2010\/08\/100825_Studierende-265x176.jpg 265w, https:\/\/www.fuldaernachrichten.de\/wp-content\/uploads\/2010\/08\/100825_Studierende.jpg 592w\" sizes=\"(max-width: 265px) 100vw, 265px\" \/><\/a>Fulda. <\/strong>Der Fachbereich Wirtschaft der Hochschule Fulda kooperiert mit der Wirtschaftsuniversit\u00e4t Krakau. In l\u00e4nder\u00fcbergreifenden Seminaren und Projekten, die in Fulda und Krakau stattfinden, werden die Studierenden k\u00fcnftig gemeinsam Aufgaben aus dem internationalen Management bearbeiten. Ziel ist, einen Einblick in die Zusammenarbeit \u00fcber kulturelle Grenzen hinweg und in den Aufbau internationaler sozialer Netzwerke zu geben sowie die so genannten Softskills zu vermitteln. Zehn Studentinnen und Studenten des Bachelor-Studiengangs \u201eInternationale Betriebswirtschaft\u201c waren im Juni erstmals eine Woche in Krakau. <!--more--><\/p>\n<p>Gemeinsam mit Studierenden der dortigen Wirtschaftuniversit\u00e4t entwickelten sie in ihrem Seminar L\u00f6sungsans\u00e4tze f\u00fcr logistische Fragestellungen in beiden L\u00e4ndern. \u201eEs war erstaunlich zu beobachten, dass beide Gruppen sehr unterschiedliche Ideen hatten und zu ganz verschiedenen L\u00f6sungen kamen\u201c, res\u00fcmiert Prof. Dr. Walter Sorg, der den Austausch organisierte. Das zeige: Wenn junge Menschen unterschiedlicher kultureller Pr\u00e4gung zusammenarbeiteten, dann f\u00f6rdere das die Kreativit\u00e4t und f\u00fchre zu neuen L\u00f6sungsans\u00e4tzen.<\/p>\n<p>Auch bei den Studierenden kommt die internationale Zusammenarbeit gut an. \u201eF\u00fcr mich war das internationale Seminar in Krakau eine durchweg positive Erfahrung\u201c, sagt Bachelor-Studentin Sandra Skrziszowsky. \u201eDurch die internationale Teamarbeit habe ich eine Menge f\u00fcr meine berufliche Zukunft gelernt.\u201c Ein Gegenbesuch der polnischen Studierenden an der Hochschule Fulda ist f\u00fcr Herbst dieses Jahres vorgesehen. Dann soll an dem internationalen Seminar auch ein Fuldaer Unternehmen mitwirken. Im Anschluss daran werden die Studierenden ihre Kontakte vor allem per Videokonferenzen pflegen und weiter ausbauen. Geplant ist, in den kommenden Jahren auch Master-Studierende und Doktoranden an der deutsch-polnischen Kooperation zu beteiligen.<\/p>\n","protected":false},"excerpt":{"rendered":"<div class=\"tmnf_excerpt\"><p>Fulda. Der Fachbereich Wirtschaft der Hochschule Fulda kooperiert mit der Wirtschaftsuniversit\u00e4t Krakau. In l\u00e4nder\u00fcbergreifenden Seminaren und Projekten, die in Fulda und Krakau stattfinden, werden die Studierenden k\u00fcnftig gemeinsam Aufgaben aus dem internationalen Management bearbeiten. Ziel ist, einen Einblick in die Zusammenarbeit \u00fcber kulturelle Grenzen hinweg und in den Aufbau internationaler sozialer Netzwerke zu geben sowie &hellip;<\/p>\n<\/div>","protected":false},"author":1,"featured_media":0,"comment_status":"closed","ping_status":"closed","sticky":false,"template":"","format":"standard","meta":{"footnotes":""},"categories":[1,53],"tags":[],"class_list":["post-67910","post","type-post","status-publish","format-standard","hentry","category-startseite","category-bildung"],"_links":{"self":[{"href":"https:\/\/www.fuldaernachrichten.de\/index.php?rest_route=\/wp\/v2\/posts\/67910","targetHints":{"allow":["GET"]}}],"collection":[{"href":"https:\/\/www.fuldaernachrichten.de\/index.php?rest_route=\/wp\/v2\/posts"}],"about":[{"href":"https:\/\/www.fuldaernachrichten.de\/index.php?rest_route=\/wp\/v2\/types\/post"}],"author":[{"embeddable":true,"href":"https:\/\/www.fuldaernachrichten.de\/index.php?rest_route=\/wp\/v2\/users\/1"}],"replies":[{"embeddable":true,"href":"https:\/\/www.fuldaernachrichten.de\/index.php?rest_route=%2Fwp%2Fv2%2Fcomments&post=67910"}],"version-history":[{"count":2,"href":"https:\/\/www.fuldaernachrichten.de\/index.php?rest_route=\/wp\/v2\/posts\/67910\/revisions"}],"predecessor-version":[{"id":67953,"href":"https:\/\/www.fuldaernachrichten.de\/index.php?rest_route=\/wp\/v2\/posts\/67910\/revisions\/67953"}],"wp:attachment":[{"href":"https:\/\/www.fuldaernachrichten.de\/index.php?rest_route=%2Fwp%2Fv2%2Fmedia&parent=67910"}],"wp:term":[{"taxonomy":"category","embeddable":true,"href":"https:\/\/www.fuldaernachrichten.de\/index.php?rest_route=%2Fwp%2Fv2%2Fcategories&post=67910"},{"taxonomy":"post_tag","embeddable":true,"href":"https:\/\/www.fuldaernachrichten.de\/index.php?rest_route=%2Fwp%2Fv2%2Ftags&post=67910"}],"curies":[{"name":"wp","href":"https:\/\/api.w.org\/{rel}","templated":true}]}}