{"id":67904,"date":"2010-08-26T01:45:27","date_gmt":"2010-08-25T23:45:27","guid":{"rendered":"http:\/\/www.fuldaer-nachrichten.de\/?p=67904"},"modified":"2010-08-25T16:45:39","modified_gmt":"2010-08-25T14:45:39","slug":"uewag-feierte-jubilarinnen-und-jubilare-der-vergangenen-monate","status":"publish","type":"post","link":"https:\/\/www.fuldaernachrichten.de\/?p=67904","title":{"rendered":"\u00dcWAG feierte Jubilarinnen und Jubilare der vergangenen Monate"},"content":{"rendered":"<p><strong><a href=\"http:\/\/www.fuldaer-nachrichten.de\/wp-content\/uploads\/2010\/08\/100825_Uewag.jpg\"><img decoding=\"async\" class=\"alignleft size-thumbnail wp-image-67905\" title=\"100825_Uewag\" src=\"http:\/\/www.fuldaer-nachrichten.de\/wp-content\/uploads\/2010\/08\/100825_Uewag-265x175.jpg\" alt=\"\" width=\"265\" height=\"175\" srcset=\"https:\/\/www.fuldaernachrichten.de\/wp-content\/uploads\/2010\/08\/100825_Uewag-265x175.jpg 265w, https:\/\/www.fuldaernachrichten.de\/wp-content\/uploads\/2010\/08\/100825_Uewag.jpg 592w\" sizes=\"(max-width: 265px) 100vw, 265px\" \/><\/a>Fulda. <\/strong>Mit einer Feierstunde ehrte die \u00dcWAG jetzt vier Mitarbeiterinnen und Mitarbeiter, die in den vergangenen Monaten das Jubil\u00e4um ihrer Unternehmenszugeh\u00f6rigkeit feiern konnten. Vorstand Dipl.-Ing. G\u00fcnter Bury dankte den Jubilarinnen und Jubilaren f\u00fcr ihre Treue zum Unternehmen und \u00fcberreichte Ehrenurkunden der Industrie- und Handelskammer (IHK) Fulda. Insgesamt repr\u00e4sentieren die Jubilarinnen und Jubilare 115 Jahre geballte \u00dcWAG-Erfahrung: 40 Dienstjahre kann Karin Thonius aus K\u00fcnzell vorweisen, die zuletzt im Sachgebiet \u201eFinanzen und Steuern\u201c t\u00e4tig war und sich derzeit in der passiven Phase der Altersteilzeit befindet. Claudia Gr\u00f6sch aus der Vertriebsabteilung, Bernd Schiffhauer, der Leiter der Leitzentrale, und Winfried St\u00fc\u00df aus dem Sachgebiet Messwesen sind jeweils seit 25 Jahren Mitglied der \u00dcWAG-Familie.<!--more--><\/p>\n<p>G\u00fcnter Bury erinnerte in seiner Dankesrede an wichtige Stationen auf dem Berufsweg der Jubilare und zeigte parallel dazu die Entwicklung des f\u00fchrenden osthessischen Energieversorgungsunternehmens auf. An Karin Thonius gewandt f\u00fchrte der Vorstand aus, wie sich die elektronische Datenverarbeitung im Laufe der Jahre ver\u00e4ndert hat. Als die Jubilarin 1966 ins Unternehmen eintrat, bediente sie dort Lochkartenmaschinen, die damals noch im Einsatz waren. \u201eIch denke, Sie werden best\u00e4tigen k\u00f6nnen, dass Welten zwischen den damaligen aufwendigen Arbeitsabl\u00e4ufen und der heutigen vollelektronischen Datenverarbeitung liegen\u201c, sagte Bury zu Karin Thonius. Im Verlauf ihrer Karriere bei der \u00dcWAG wechselte die Jubilarin in die Buchhaltung des Energieversorgers, wo sie bis zum Eintritt in die Phase der Altersteilzeit arbeitete.<\/p>\n<p>25 Jahre Unternehmenszugeh\u00f6rigkeit konnte Claudia Gr\u00f6sch aus Hofbieber feiern, die 1983 als kaufm\u00e4nnische Auszubildende zur \u00dcWAG kam und dem Energieversorger w\u00e4hrend ihrer gesamten bisherigen Berufslaufbahn die Treue gehalten hat. \u201eDas ist heute alles andere als eine Selbstverst\u00e4ndlichkeit\u201c, sagte G\u00fcnter Bury und gratulierte der Jubilarin. Nach ihrer mit der Note \u201esehr gut\u201c bestandenen Pr\u00fcfung wurde Claudia Gr\u00f6sch bei der \u00dcWAG in die Abteilung \u201eMaterialwirtschaft\u201c \u00fcbernommen, von wo sie sp\u00e4ter in die Kundenabteilung des Technischen Bereichs und schlie\u00dflich in den Vertrieb wechselte. Dort k\u00fcmmert sie sich heute um die Industrie- und Sonderkunden des Unternehmens.<\/p>\n<p>Eine \u201esehr gute\u201c Abschlusspr\u00fcfung kann auch der gelernte Elektroinstallateur Bernd Schiffhauer vorweisen, der 1985 als Elektromonteur zur \u00dcWAG kam. Nach der Meister-Pr\u00fcfung folgten f\u00fcr den Mittelaschenbacher Bernd Schiffhauer Ende der 1980er-Jahre eine erfolgreiche innerbetriebliche Bewerbung und der Wechsel in die damalige Netzleitstelle der \u00dcWAG in Petersberg. Heute ist Bernd Schiffhauer Leiter der hochmodernen Leitzentrale auf dem Betriebsgel\u00e4nde in der Daimler-Benz-Stra\u00dfe und leistet mit seinem Team einen wichtigen Beitrag zur Gew\u00e4hrleistung der Energieversorgung, die in Osthessen besonders zuverl\u00e4ssig ist.<\/p>\n<p>Auch Winfried St\u00fc\u00df aus Bimbach begann seine Berufslaufbahn mit einer Ausbildung zum Elektroinstallateur. Bei der \u00dcWAG arbeitete er ab 1985 jedoch zun\u00e4chst als Omnibusfahrer, ehe er nach einer innerbetrieblichen Bewerbung in das Z\u00e4hlerlager wechselte. Als Experte f\u00fcr das Z\u00e4hler- und Messwesen ist Winfried St\u00fc\u00df weiter aktiv. Als Sicherheitsbeauftragter im Bereich Arbeitsschutz sowie als Mitglied des Betriebsrats der \u00dcWAG setzt sich Winfried St\u00fc\u00df au\u00dferdem f\u00fcr Belange seiner Kollegen bei Osthessens f\u00fchrendem Energieversorger ein.<\/p>\n<p>Der \u00dcWAG-Vorstand dankte allen Jubilarinnen und Jubilaren f\u00fcr ihre Loyalit\u00e4t und sprach ihnen seinen Respekt f\u00fcr die Arbeitsleistung ihres Berufslebens aus. Als sichtbares Zeichen f\u00fcr die langj\u00e4hrige \u00dcWAG-Zugeh\u00f6rigkeit der verdienten Mitarbeiterinnen und Mitarbeiter \u00fcberreichte G\u00fcnter Bury Ehrenurkunden der IHK Fulda. Neben den Jubil\u00e4en gab es bei der \u00dcWAG in den vergangenen Monaten auch eine Berentung: Werner Niedenthal aus Burghaun war nach einer langen beruflichen Laufbahn zum 31. Januar 2010 in den Ruhestand getreten. Er war zuletzt im Sachgebiet \u201eEnergieabrechnung\u201c t\u00e4tig. Bei der Feierstunde war der Neu-Ruhest\u00e4ndler verhindert.<\/p>\n","protected":false},"excerpt":{"rendered":"<div class=\"tmnf_excerpt\"><p>Fulda. Mit einer Feierstunde ehrte die \u00dcWAG jetzt vier Mitarbeiterinnen und Mitarbeiter, die in den vergangenen Monaten das Jubil\u00e4um ihrer Unternehmenszugeh\u00f6rigkeit feiern konnten. Vorstand Dipl.-Ing. G\u00fcnter Bury dankte den Jubilarinnen und Jubilaren f\u00fcr ihre Treue zum Unternehmen und \u00fcberreichte Ehrenurkunden der Industrie- und Handelskammer (IHK) Fulda. Insgesamt repr\u00e4sentieren die Jubilarinnen und Jubilare 115 Jahre geballte &hellip;<\/p>\n<\/div>","protected":false},"author":1,"featured_media":0,"comment_status":"closed","ping_status":"closed","sticky":false,"template":"","format":"standard","meta":{"footnotes":""},"categories":[1],"tags":[],"class_list":["post-67904","post","type-post","status-publish","format-standard","hentry","category-startseite"],"_links":{"self":[{"href":"https:\/\/www.fuldaernachrichten.de\/index.php?rest_route=\/wp\/v2\/posts\/67904","targetHints":{"allow":["GET"]}}],"collection":[{"href":"https:\/\/www.fuldaernachrichten.de\/index.php?rest_route=\/wp\/v2\/posts"}],"about":[{"href":"https:\/\/www.fuldaernachrichten.de\/index.php?rest_route=\/wp\/v2\/types\/post"}],"author":[{"embeddable":true,"href":"https:\/\/www.fuldaernachrichten.de\/index.php?rest_route=\/wp\/v2\/users\/1"}],"replies":[{"embeddable":true,"href":"https:\/\/www.fuldaernachrichten.de\/index.php?rest_route=%2Fwp%2Fv2%2Fcomments&post=67904"}],"version-history":[{"count":2,"href":"https:\/\/www.fuldaernachrichten.de\/index.php?rest_route=\/wp\/v2\/posts\/67904\/revisions"}],"predecessor-version":[{"id":67951,"href":"https:\/\/www.fuldaernachrichten.de\/index.php?rest_route=\/wp\/v2\/posts\/67904\/revisions\/67951"}],"wp:attachment":[{"href":"https:\/\/www.fuldaernachrichten.de\/index.php?rest_route=%2Fwp%2Fv2%2Fmedia&parent=67904"}],"wp:term":[{"taxonomy":"category","embeddable":true,"href":"https:\/\/www.fuldaernachrichten.de\/index.php?rest_route=%2Fwp%2Fv2%2Fcategories&post=67904"},{"taxonomy":"post_tag","embeddable":true,"href":"https:\/\/www.fuldaernachrichten.de\/index.php?rest_route=%2Fwp%2Fv2%2Ftags&post=67904"}],"curies":[{"name":"wp","href":"https:\/\/api.w.org\/{rel}","templated":true}]}}