{"id":67849,"date":"2010-08-25T02:12:55","date_gmt":"2010-08-25T00:12:55","guid":{"rendered":"http:\/\/www.fuldaer-nachrichten.de\/?p=67849"},"modified":"2010-08-25T07:13:34","modified_gmt":"2010-08-25T05:13:34","slug":"gemeindefest-der-kreuzkirche-nationaltrikot-mit-ballack-unterschrift-wird-verlost","status":"publish","type":"post","link":"https:\/\/www.fuldaernachrichten.de\/?p=67849","title":{"rendered":"Gemeindefest der Kreuzkirche &#8211; Nationaltrikot mit \u201eBallack-Unterschrift\u201c wird verlost"},"content":{"rendered":"<p><a href=\"http:\/\/www.fuldaer-nachrichten.de\/wp-content\/uploads\/2010\/08\/100824_Gemeindefest.jpg\"><img decoding=\"async\" class=\"alignnone size-medium wp-image-67851\" title=\"100824_Gemeindefest\" src=\"http:\/\/www.fuldaer-nachrichten.de\/wp-content\/uploads\/2010\/08\/100824_Gemeindefest-265x176.jpg\" alt=\"\" hspace=\"5\" width=\"265\" height=\"176\" align=\"left\" srcset=\"https:\/\/www.fuldaernachrichten.de\/wp-content\/uploads\/2010\/08\/100824_Gemeindefest-265x176.jpg 265w, https:\/\/www.fuldaernachrichten.de\/wp-content\/uploads\/2010\/08\/100824_Gemeindefest.jpg 600w\" sizes=\"(max-width: 265px) 100vw, 265px\" \/><\/a><strong>Neuenberg<\/strong>. Der Gottesdienst zum Gemeindefest mit parallelem Kindergottesdienst beginnt am Sonntag, 29. August, um 11.00 Uhr, anschlie\u00dfend gibt es Spezialit\u00e4ten des Antoniusheims, wie Gegrilltes, Eintopf und Cr\u00c3\u00aapes, ein Kuchenbuffet der Kreuzkirchengemeinde, sowie H\u00fcpfburg und Bastelangebote. Auf der Festwiese wird die Kreuzkirchenband ein kleines Konzert geben. Um 17.00 Uhr k\u00f6nnen wieder \u201e99 Luftballons\u201c in den Himmel geschickt werden. Bei einer Verlosung gibt es als Gewinn ein Trikot der Nationalmannschaft mit Originalunterschrift von Michael Ballack.<\/p>\n<p>Vielleicht werde, so Pfarrer Stefan B\u00fcrger, das Gemeindefest n\u00e4chstes Jahr an einer Baustelle stattfinden, denn die Kreuzkirche in Neuenberg plane ja f\u00fcr 2011 einen Umbau ihrer Kirche mit 200qm Erweiterungsbau: \u201eDieses Jahr feiern wir wie jedes Jahr. Nach dem Umbau wird es vom Platzangebot und durch den Gartenzugang, die ebenerdige K\u00fcche und behindertengerechte Toilette noch sch\u00f6ner und einfacher werden.\u201c Selbstverst\u00e4ndlich k\u00f6nne man sich beim Fest auch \u00fcber Planungen des Umbaus anhand von Zeichnungen und Modell informieren. Der Erl\u00f6s des Festes geht direkt in das Umbauprojekt \u201eZukunft bauen\u201c.<\/p>\n<p>Der Gottesdienst wird diesmal durch den eigens gegr\u00fcndeten Projektchor der Kreuzkirche unter Leitung der Musikerin und Chorleiterin Andrea Keidel-Jest\u00e4dt bereichert.<\/p>\n","protected":false},"excerpt":{"rendered":"<div class=\"tmnf_excerpt\"><p>Neuenberg. Der Gottesdienst zum Gemeindefest mit parallelem Kindergottesdienst beginnt am Sonntag, 29. August, um 11.00 Uhr, anschlie\u00dfend gibt es Spezialit\u00e4ten des Antoniusheims, wie Gegrilltes, Eintopf und Cr\u00c3\u00aapes, ein Kuchenbuffet der Kreuzkirchengemeinde, sowie H\u00fcpfburg und Bastelangebote. Auf der Festwiese wird die Kreuzkirchenband ein kleines Konzert geben. Um 17.00 Uhr k\u00f6nnen wieder \u201e99 Luftballons\u201c in den Himmel &hellip;<\/p>\n<\/div>","protected":false},"author":1,"featured_media":0,"comment_status":"closed","ping_status":"closed","sticky":false,"template":"","format":"standard","meta":{"footnotes":""},"categories":[1,50],"tags":[],"class_list":["post-67849","post","type-post","status-publish","format-standard","hentry","category-startseite","category-kirche"],"_links":{"self":[{"href":"https:\/\/www.fuldaernachrichten.de\/index.php?rest_route=\/wp\/v2\/posts\/67849","targetHints":{"allow":["GET"]}}],"collection":[{"href":"https:\/\/www.fuldaernachrichten.de\/index.php?rest_route=\/wp\/v2\/posts"}],"about":[{"href":"https:\/\/www.fuldaernachrichten.de\/index.php?rest_route=\/wp\/v2\/types\/post"}],"author":[{"embeddable":true,"href":"https:\/\/www.fuldaernachrichten.de\/index.php?rest_route=\/wp\/v2\/users\/1"}],"replies":[{"embeddable":true,"href":"https:\/\/www.fuldaernachrichten.de\/index.php?rest_route=%2Fwp%2Fv2%2Fcomments&post=67849"}],"version-history":[{"count":4,"href":"https:\/\/www.fuldaernachrichten.de\/index.php?rest_route=\/wp\/v2\/posts\/67849\/revisions"}],"predecessor-version":[{"id":67885,"href":"https:\/\/www.fuldaernachrichten.de\/index.php?rest_route=\/wp\/v2\/posts\/67849\/revisions\/67885"}],"wp:attachment":[{"href":"https:\/\/www.fuldaernachrichten.de\/index.php?rest_route=%2Fwp%2Fv2%2Fmedia&parent=67849"}],"wp:term":[{"taxonomy":"category","embeddable":true,"href":"https:\/\/www.fuldaernachrichten.de\/index.php?rest_route=%2Fwp%2Fv2%2Fcategories&post=67849"},{"taxonomy":"post_tag","embeddable":true,"href":"https:\/\/www.fuldaernachrichten.de\/index.php?rest_route=%2Fwp%2Fv2%2Ftags&post=67849"}],"curies":[{"name":"wp","href":"https:\/\/api.w.org\/{rel}","templated":true}]}}