{"id":67840,"date":"2010-08-26T00:53:41","date_gmt":"2010-08-25T22:53:41","guid":{"rendered":"http:\/\/www.fuldaer-nachrichten.de\/?p=67840"},"modified":"2010-08-25T16:53:50","modified_gmt":"2010-08-25T14:53:50","slug":"25-seniorenfahrt-fuehrt-nach-worms","status":"publish","type":"post","link":"https:\/\/www.fuldaernachrichten.de\/?p=67840","title":{"rendered":"25. Seniorenfahrt f\u00fchrt nach Worms"},"content":{"rendered":"<p><strong>H\u00fcnfeld.<\/strong> Die diesj\u00e4hrige Seniorenfahrt der Stadt H\u00fcnfeld geht am Donnerstag, 16. September, in die malerische Stadt Worms. Karten dazu sind im B\u00fcrgerb\u00fcro im H\u00fcnfelder Rathaus sowie bei allen Ortsvorstehern erh\u00e4ltlich. Aus organisatorischen Gr\u00fcnden k\u00f6nnen Karten bei den Ortsvorstehern nur bis zum 24. August erworben werden. Danach gibt es Karten nur im B\u00fcrgerb\u00fcro der Stadt H\u00fcnfeld.<!--more--><\/p>\n<p><strong>Gute Unterhaltung f\u00fcr alle Altersklassen<\/strong><\/p>\n<p>Die Abfahrt mit komfortablen Reisebussen zur 25. Seniorenfahrt ist um 7.30 Uhr am Festplatz Haselgrund. Gegen 10.15 Uhr wird die Ankunft in Worms sein. Dort findet zun\u00e4chst eine Stadtf\u00fchrung in der Nibelungen- und Lutherstadt mit ihrem geschichtstr\u00e4chtigen romanischen Kaiserdom statt. Daraufhin besteht f\u00fcr die Teilnehmer bis 12.30 Uhr die M\u00f6glichkeit, die Stadt selbst zu erkunden. Weiter geht es mit der Franconia, die um 13 Uhr ablegt. Auf dem Schiff werden neben guter Unterhaltung auch die traditionelle Tombola sowie die Ehrung der \u00e4ltesten Teilnehmer geboten. Auf Rhein und Main geht die Schifffahrt nach R\u00fcsselsheim. Unterwegs auf der R\u00fcckfahrt sind die Teilnehmer zum rustikalen Buffet eingeladen. Die Seniorenfahrt endet gegen 20.15 Uhr.<\/p>\n<p>Die Teilnehmer werden von Mitgliedern und Helfer der Kommission f\u00fcr Senioren und Soziales der Stadt H\u00fcnfeld sowie von einem Arzt und Mitgliedern des Deutschen Roten Kreuzes betreut. Wer als Gruppe zusammenh\u00e4ngende Sitzpl\u00e4tze in einem Bus m\u00f6chte, kann auch dieses Jahr wieder Gruppenfahrkarten erwerben.<\/p>\n<p>Der Fahrpreis betr\u00e4gt 35 Euro. Dieser Vorjahrespreis konnte durch die finanzielle Unterst\u00fctzung der VR-Bank NordRh\u00f6n und der Sparkasse H\u00fcnfeld sowie durch die ehrenamtliche Mitarbeit der DRK-Helfer und der Mitglieder der Kommission f\u00fcr Senioren und Soziales der Stadt H\u00fcnfeld beibehalten werden. Im Preis inbegriffen sind Fr\u00fchst\u00fcck, Busfahrt, Stadtf\u00fchrung, die Schifffahrt, das Mittagessen und das rustikale Buffet.<\/p>\n","protected":false},"excerpt":{"rendered":"<div class=\"tmnf_excerpt\"><p>H\u00fcnfeld. Die diesj\u00e4hrige Seniorenfahrt der Stadt H\u00fcnfeld geht am Donnerstag, 16. September, in die malerische Stadt Worms. Karten dazu sind im B\u00fcrgerb\u00fcro im H\u00fcnfelder Rathaus sowie bei allen Ortsvorstehern erh\u00e4ltlich. Aus organisatorischen Gr\u00fcnden k\u00f6nnen Karten bei den Ortsvorstehern nur bis zum 24. August erworben werden. Danach gibt es Karten nur im B\u00fcrgerb\u00fcro der Stadt H\u00fcnfeld.<\/p>\n<\/div>","protected":false},"author":1,"featured_media":0,"comment_status":"closed","ping_status":"closed","sticky":false,"template":"","format":"standard","meta":{"footnotes":""},"categories":[1,44],"tags":[],"class_list":["post-67840","post","type-post","status-publish","format-standard","hentry","category-startseite","category-kultur"],"_links":{"self":[{"href":"https:\/\/www.fuldaernachrichten.de\/index.php?rest_route=\/wp\/v2\/posts\/67840","targetHints":{"allow":["GET"]}}],"collection":[{"href":"https:\/\/www.fuldaernachrichten.de\/index.php?rest_route=\/wp\/v2\/posts"}],"about":[{"href":"https:\/\/www.fuldaernachrichten.de\/index.php?rest_route=\/wp\/v2\/types\/post"}],"author":[{"embeddable":true,"href":"https:\/\/www.fuldaernachrichten.de\/index.php?rest_route=\/wp\/v2\/users\/1"}],"replies":[{"embeddable":true,"href":"https:\/\/www.fuldaernachrichten.de\/index.php?rest_route=%2Fwp%2Fv2%2Fcomments&post=67840"}],"version-history":[{"count":4,"href":"https:\/\/www.fuldaernachrichten.de\/index.php?rest_route=\/wp\/v2\/posts\/67840\/revisions"}],"predecessor-version":[{"id":67962,"href":"https:\/\/www.fuldaernachrichten.de\/index.php?rest_route=\/wp\/v2\/posts\/67840\/revisions\/67962"}],"wp:attachment":[{"href":"https:\/\/www.fuldaernachrichten.de\/index.php?rest_route=%2Fwp%2Fv2%2Fmedia&parent=67840"}],"wp:term":[{"taxonomy":"category","embeddable":true,"href":"https:\/\/www.fuldaernachrichten.de\/index.php?rest_route=%2Fwp%2Fv2%2Fcategories&post=67840"},{"taxonomy":"post_tag","embeddable":true,"href":"https:\/\/www.fuldaernachrichten.de\/index.php?rest_route=%2Fwp%2Fv2%2Ftags&post=67840"}],"curies":[{"name":"wp","href":"https:\/\/api.w.org\/{rel}","templated":true}]}}