{"id":67828,"date":"2010-08-25T02:11:10","date_gmt":"2010-08-25T00:11:10","guid":{"rendered":"http:\/\/www.fuldaer-nachrichten.de\/?p=67828"},"modified":"2010-08-25T07:11:26","modified_gmt":"2010-08-25T05:11:26","slug":"neue-gesundheitskurse-bei-der-vhs-in-alsfeld","status":"publish","type":"post","link":"https:\/\/www.fuldaernachrichten.de\/?p=67828","title":{"rendered":"Neue Gesundheitskurse bei der vhs in Alsfeld"},"content":{"rendered":"<p><strong>Vogelsbergkreis. <\/strong>Ab dem kommenden Herbstsemester 2010 gibt es bei der Volkshochschule neben dem bew\u00e4hrten Kursangebot auch einige neue Kurse in Alsfeld.<!--more--><\/p>\n<p>Ab Mittwoch, 8. September, bietet der Kursleiter Marc Stockhausen von 19 bis 20 Uhr den Kurs <strong>&#8220;TAI CHI CHUAN&#8221;<\/strong> und von 20 bis 21 Uhr <strong>&#8220;XING YI QUAN<\/strong>&#8221; in der Turnhalle der Br\u00fcder-Grimm-Schule in Alsfeld an. Beide Kurse z\u00e4hlen zu den beliebtesten traditionellen Sportarten in China und f\u00f6rdern durch regelm\u00e4\u00dfiges \u00dcben Selbstvertrauen, Selbstsicherheit und Fitness.<\/p>\n<p>Am Donnerstag, 9. September, wird eine <strong>&#8220;Pr\u00e4ventive R\u00fcckenschule&#8221;<\/strong> ebenfalls unter Leitung von Marc Stockhausen angeboten. Die funktionelle R\u00fcckengymnastik, die ein Muskelaufbautraining, Wahrnehmungs\u00fcbungen und wohltuende Entspannung beinhaltet, findet von 19.30 bis 20.30 Uhr im vhs-Raum 10 in der Georg-Dietrich-B\u00fccking-Stra\u00dfe 20 statt.<\/p>\n<p><strong>&#8220;YOGA-Pilates&#8221;<\/strong> oder auch <strong>&#8220;YOGILATES&#8221;<\/strong> wird ab Freitag, 10. September, von 17.30 &#8211; 19 Uhr ebenfalls im vhs-Raum 10 in der Georg-Dietrich-B\u00fccking-Stra\u00dfe 20 in Alsfeld von Claudia Ruppel geleitet. Dieses Kombiprogramm aus Yoga und Pilates baut Stress ab, harmonisiert K\u00f6rper und Geist, schafft Wohlbefinden und setzt unbekannte Energien frei. Im Anschluss &#8211; ab 19.45 Uhr &#8211; bietet Claudia Gessner mit dem Kurs <strong>&#8220;Stepp und Bauch-Beine-Po&#8221;<\/strong> ein Kr\u00e4ftigungsprogramm f\u00fcr die Problemzonen an.<\/p>\n<p>Weitere Informationen und Anmeldung bei der vhs, F\u00e4rbergasse 1, 36304 Alsfeld, Tel. 06631 \/ 792-774 oder im Internet unter <a href=\"http:\/\/www.vhs-vogelsberg.de\" target=\"_blank\">www.vhs-vogelsberg.de<\/a><\/p>\n","protected":false},"excerpt":{"rendered":"<div class=\"tmnf_excerpt\"><p>Vogelsbergkreis. Ab dem kommenden Herbstsemester 2010 gibt es bei der Volkshochschule neben dem bew\u00e4hrten Kursangebot auch einige neue Kurse in Alsfeld.<\/p>\n<\/div>","protected":false},"author":1,"featured_media":0,"comment_status":"closed","ping_status":"closed","sticky":false,"template":"","format":"standard","meta":{"footnotes":""},"categories":[1,51,46],"tags":[],"class_list":["post-67828","post","type-post","status-publish","format-standard","hentry","category-startseite","category-medizin","category-sport"],"_links":{"self":[{"href":"https:\/\/www.fuldaernachrichten.de\/index.php?rest_route=\/wp\/v2\/posts\/67828","targetHints":{"allow":["GET"]}}],"collection":[{"href":"https:\/\/www.fuldaernachrichten.de\/index.php?rest_route=\/wp\/v2\/posts"}],"about":[{"href":"https:\/\/www.fuldaernachrichten.de\/index.php?rest_route=\/wp\/v2\/types\/post"}],"author":[{"embeddable":true,"href":"https:\/\/www.fuldaernachrichten.de\/index.php?rest_route=\/wp\/v2\/users\/1"}],"replies":[{"embeddable":true,"href":"https:\/\/www.fuldaernachrichten.de\/index.php?rest_route=%2Fwp%2Fv2%2Fcomments&post=67828"}],"version-history":[{"count":3,"href":"https:\/\/www.fuldaernachrichten.de\/index.php?rest_route=\/wp\/v2\/posts\/67828\/revisions"}],"predecessor-version":[{"id":67881,"href":"https:\/\/www.fuldaernachrichten.de\/index.php?rest_route=\/wp\/v2\/posts\/67828\/revisions\/67881"}],"wp:attachment":[{"href":"https:\/\/www.fuldaernachrichten.de\/index.php?rest_route=%2Fwp%2Fv2%2Fmedia&parent=67828"}],"wp:term":[{"taxonomy":"category","embeddable":true,"href":"https:\/\/www.fuldaernachrichten.de\/index.php?rest_route=%2Fwp%2Fv2%2Fcategories&post=67828"},{"taxonomy":"post_tag","embeddable":true,"href":"https:\/\/www.fuldaernachrichten.de\/index.php?rest_route=%2Fwp%2Fv2%2Ftags&post=67828"}],"curies":[{"name":"wp","href":"https:\/\/api.w.org\/{rel}","templated":true}]}}