{"id":67820,"date":"2010-08-25T03:05:22","date_gmt":"2010-08-25T01:05:22","guid":{"rendered":"http:\/\/www.fuldaer-nachrichten.de\/?p=67820"},"modified":"2010-08-25T07:05:51","modified_gmt":"2010-08-25T05:05:51","slug":"ausstellung-die-gute-form-ab-30-08-im-kundenzentrum-der-uewag","status":"publish","type":"post","link":"https:\/\/www.fuldaernachrichten.de\/?p=67820","title":{"rendered":"Ausstellung \u201eDie Gute Form\u201c ab 30.08. im Kundenzentrum der \u00dcWAG"},"content":{"rendered":"<p><strong>Fulda.<\/strong> Ausgesuchte Gesellenst\u00fccke pr\u00e4sentieren die Kreishandwerkerschaft Fulda und die Schreiner Innung Fulda vom 30. August bis zum 9. September 2010 im \u00dcWAG-Kundenzentrum in der Fuldaer Bahnhofstra\u00dfe. \u201eDie Gute Form\u201c lautet der Titel der vierzehnt\u00e4gigen Ausstellung. Sie zeigt ausgew\u00e4hlte Gesellenst\u00fccke des Fuldaer Innungs-Jahrgangs 2010, die in diesem Jahr am bundesweiten Wettbewerb \u201eDie Gute Form\u201c teilgenommen haben. <!--more--><\/p>\n<p><strong>Ausstellung zeigt Gesellenst\u00fccke der Schreiner Innung Fulda<\/strong><\/p>\n<p>Offiziell er\u00f6ffnet wird die Schau am Mittwoch, 1. September 2010, um 18:00 Uhr mit Gru\u00dfworten von Gerhard M\u00f6ller, Oberb\u00fcrgermeister der Stadt Fulda, und Eugen Schramm, Obermeister der Schreiner Innung Fulda. Anschlie\u00dfend referiert der Tischler und M\u00f6beldesigner Masin Idriss aus Kassel zum Thema \u201eDie Gute Form \u2013 Gestaltungskompetenz im Tischlerhandwerk\u201c. Danach besteht die M\u00f6glichkeit zu einem Gespr\u00e4ch mit dem Referenten und zu einem ersten Rundgang durch die Ausstellung.<\/p>\n<p>Der Gestaltungswettbewerb \u201eDie Gute Form\u201c der Schreiner Innung unterstreicht \u00c4sthetik und Kreativit\u00e4t in der handwerklichen Ausbildung. Junge angehende Schreinerinnen und Schreiner werden dadurch angeregt, eigene Gedanken zu einer zeitgem\u00e4\u00dfen Formgebung ihrer Gesellenst\u00fccke zu entwickeln. Die Schreiner Innung sensibilisiert dadurch den Handwerkernachwuchs f\u00fcr \u00e4sthetische und gestalterische Fragen und hebt Formgebung und Gestaltung als wesentliche Wirkungsbereiche des Schreinerberufes hervor.<\/p>\n<p>Besucher des \u00dcWAG-Kundenzentrums d\u00fcrfen nun den Ideenreichtum der jungen Schreinerinnen und Schreiner entdecken und sich von der Gestaltungskraft \u00fcberzeugen, die aus den Exponaten spricht. Zu diesen z\u00e4hlt unter anderen die Anrichte aus ge\u00f6ltem Nussbaum in Kombination mit wei\u00dfem Mineralwerkstoff, mit der Carolin Hauser, Schreinergesellin aus dem Ausbildungsbetrieb Norbert Jehn in Weyhers, auf Regionalebene den ersten Preis errungen hat. Infow\u00e4nde zum Thema Ausbildung erg\u00e4nzen die Pr\u00e4sentation.<\/p>\n<p>Die Ausstellung \u201eDie Gute Form\u201c l\u00e4uft bis zum 9. September 2010 und ist w\u00e4hrend der gewohnten \u00d6ffnungszeiten des \u00dcWAG-Kundenzentrums kostenlos zug\u00e4nglich: montags bis freitags von 09:00 bis 19:00 Uhr und samstags von 09:00 bis 13:00 Uhr.<\/p>\n","protected":false},"excerpt":{"rendered":"<div class=\"tmnf_excerpt\"><p>Fulda. Ausgesuchte Gesellenst\u00fccke pr\u00e4sentieren die Kreishandwerkerschaft Fulda und die Schreiner Innung Fulda vom 30. August bis zum 9. September 2010 im \u00dcWAG-Kundenzentrum in der Fuldaer Bahnhofstra\u00dfe. \u201eDie Gute Form\u201c lautet der Titel der vierzehnt\u00e4gigen Ausstellung. Sie zeigt ausgew\u00e4hlte Gesellenst\u00fccke des Fuldaer Innungs-Jahrgangs 2010, die in diesem Jahr am bundesweiten Wettbewerb \u201eDie Gute Form\u201c teilgenommen haben.<\/p>\n<\/div>","protected":false},"author":1,"featured_media":0,"comment_status":"closed","ping_status":"closed","sticky":false,"template":"","format":"standard","meta":{"footnotes":""},"categories":[1,44],"tags":[],"class_list":["post-67820","post","type-post","status-publish","format-standard","hentry","category-startseite","category-kultur"],"_links":{"self":[{"href":"https:\/\/www.fuldaernachrichten.de\/index.php?rest_route=\/wp\/v2\/posts\/67820","targetHints":{"allow":["GET"]}}],"collection":[{"href":"https:\/\/www.fuldaernachrichten.de\/index.php?rest_route=\/wp\/v2\/posts"}],"about":[{"href":"https:\/\/www.fuldaernachrichten.de\/index.php?rest_route=\/wp\/v2\/types\/post"}],"author":[{"embeddable":true,"href":"https:\/\/www.fuldaernachrichten.de\/index.php?rest_route=\/wp\/v2\/users\/1"}],"replies":[{"embeddable":true,"href":"https:\/\/www.fuldaernachrichten.de\/index.php?rest_route=%2Fwp%2Fv2%2Fcomments&post=67820"}],"version-history":[{"count":3,"href":"https:\/\/www.fuldaernachrichten.de\/index.php?rest_route=\/wp\/v2\/posts\/67820\/revisions"}],"predecessor-version":[{"id":67873,"href":"https:\/\/www.fuldaernachrichten.de\/index.php?rest_route=\/wp\/v2\/posts\/67820\/revisions\/67873"}],"wp:attachment":[{"href":"https:\/\/www.fuldaernachrichten.de\/index.php?rest_route=%2Fwp%2Fv2%2Fmedia&parent=67820"}],"wp:term":[{"taxonomy":"category","embeddable":true,"href":"https:\/\/www.fuldaernachrichten.de\/index.php?rest_route=%2Fwp%2Fv2%2Fcategories&post=67820"},{"taxonomy":"post_tag","embeddable":true,"href":"https:\/\/www.fuldaernachrichten.de\/index.php?rest_route=%2Fwp%2Fv2%2Ftags&post=67820"}],"curies":[{"name":"wp","href":"https:\/\/api.w.org\/{rel}","templated":true}]}}