{"id":67732,"date":"2010-08-24T03:58:31","date_gmt":"2010-08-24T01:58:31","guid":{"rendered":"http:\/\/www.fuldaer-nachrichten.de\/?p=67732"},"modified":"2010-08-24T08:58:39","modified_gmt":"2010-08-24T06:58:39","slug":"bad-soden-salmuenster-feiert-beim-uewag-energy-event","status":"publish","type":"post","link":"https:\/\/www.fuldaernachrichten.de\/?p=67732","title":{"rendered":"Bad Soden-Salm\u00fcnster feiert beim \u00dcWAG energy-event"},"content":{"rendered":"<p><strong><a href=\"http:\/\/www.fuldaer-nachrichten.de\/wp-content\/uploads\/2010\/08\/100823_Rattles.jpg\"><img decoding=\"async\" class=\"alignleft size-thumbnail wp-image-67733\" title=\"100823_Rattles\" src=\"http:\/\/www.fuldaer-nachrichten.de\/wp-content\/uploads\/2010\/08\/100823_Rattles-265x182.jpg\" alt=\"\" width=\"265\" height=\"182\" srcset=\"https:\/\/www.fuldaernachrichten.de\/wp-content\/uploads\/2010\/08\/100823_Rattles-265x182.jpg 265w, https:\/\/www.fuldaernachrichten.de\/wp-content\/uploads\/2010\/08\/100823_Rattles.jpg 592w\" sizes=\"(max-width: 265px) 100vw, 265px\" \/><\/a>Bad Soden-Salm\u00fcnster. <\/strong>\u201eThe Rattles\u201c \u2013 die deutschen Beatles \u2013 sind der musikalische H\u00f6hepunkt beim diesj\u00e4hrigen \u00dcWAG energy-event in Bad Soden-Salm\u00fcnster. Neben der Kult-Band aus Hamburg steht am Samstag, 4. September 2010, auch die regionale Big-Band-Formation \u201eVorsicht Gebl\u00e4se!\u201c auf der \u00dcWAG-B\u00fchne am Festplatz Salm\u00fcnster. Au\u00dferdem im Abendprogramm: die eindrucksvolle \u00dcWAG laser-show und die Disco Night mit DJ M\u00c4H. Die Einnahmen sind f\u00fcr einen guten Zweck bestimmt. Freien Eintritt haben die Besucher beim Familienprogramm, das ab 15:00 Uhr Auftakt f\u00fcr das gro\u00dfe Kundenfest der \u00dcWAG ist. \u201eWir freuen uns, dass wir mit \u00e2\u20ac\u0161The Rattles\u00e2\u20ac\u02dc wieder ein echtes Highlight der deutschen Rock- und Popszene f\u00fcr den \u00dcWAG energy-event gewinnen konnten, und laden alle Musikfreunde herzlich ein, in Bad Soden-Salm\u00fcnster einen kurzweiligen Nachmittag und einen energiegeladenen Abend mit uns zu verbringen\u201c, so \u00dcWAG-Vorstand Dipl.-Ing. G\u00fcnter Bury. Der energy-event ist das traditionelle Dankesch\u00f6n des Energieversorgers an seine Kunden und erlebt 2010 bereits seine elfte Auflage. Schirmherr ist in diesem Jahr Erich Pipa, der Landrat des Main-Kinzig-Kreises.<!--more--><\/p>\n<p><strong>Highlights im Abendprogramm<\/strong><\/p>\n<p>Mit den \u201eThe Rattles\u201c pr\u00e4sentiert die \u00dcWAG im gro\u00dfen energy-event-Zelt auf dem Festplatz Salm\u00fcnster eine der wichtigsten Bands der Beat-\u00c4ra. Die Musiker feierten mit Hits wie \u201eThe Witch\u201c, \u201eCome On And Sing\u201c oder \u201eHot Wheels\u201c Welterfolge und standen unter anderem mit Gr\u00f6\u00dfen wie den Rolling Stones, Little Richard oder den Beatles auf der B\u00fchne. Beim \u00dcWAG energy-event spielen \u201eThe Rattles\u201c ab 22:00 Uhr das Beste aus 50 Jahren Bandgeschichte. Dabei beweisen die Altmeister des Rock\u00e2\u20ac\u02dcn\u00e2\u20ac\u02dcRoll, dass ihre B\u00fchnenpr\u00e4senz auch nach einem halben Jahrhundert nichts an Kraft und Tempo verloren hat. Herbert Hildebrandt, Frontmann und Mitbegr\u00fcnder von \u201eThe Rattles\u201c, freut sich schon auf die Fans in Osthessen. \u201eWir werden es beim \u00dcWAG energy-event richtig krachen lassen\u201c, verspricht der Vollblut-Musiker. Die Show von \u201eThe Rattles\u201c wird definitiv ein Auftritt, den man sich nicht entgehen lassen sollte.<\/p>\n<p><a href=\"http:\/\/www.fuldaer-nachrichten.de\/wp-content\/uploads\/2010\/08\/100823_Geblaese.jpg\"><img decoding=\"async\" class=\"alignleft size-thumbnail wp-image-67734\" title=\"100823_Geblaese\" src=\"http:\/\/www.fuldaer-nachrichten.de\/wp-content\/uploads\/2010\/08\/100823_Geblaese-265x176.jpg\" alt=\"\" width=\"265\" height=\"176\" srcset=\"https:\/\/www.fuldaernachrichten.de\/wp-content\/uploads\/2010\/08\/100823_Geblaese-265x176.jpg 265w, https:\/\/www.fuldaernachrichten.de\/wp-content\/uploads\/2010\/08\/100823_Geblaese.jpg 592w\" sizes=\"(max-width: 265px) 100vw, 265px\" \/><\/a>Bereits zu Beginn des Abendprogramms ab 20:00 Uhr steht mit \u201eVorsicht Gebl\u00e4se!\u201c eine Band auf der \u00dcWAG-B\u00fchne, die energy-event-Besuchern bestens bekannt ist: 25 Instrumentalisten sorgen mit den Leads\u00e4ngern Susanne Weyel, Markus Schmitt und Aristoteles Siebert f\u00fcr Big-Band-Sound der Extraklasse. Von Joe Cocker \u00fcber Gloria Estefan bis Robbie Williams \u2013 \u201eVorsicht Gebl\u00e4se!\u201c interpretieren die gro\u00dfen Songs v\u00f6llig neu und \u00fcberzeugen durch eigenst\u00e4ndigen Sound zwischen Soul und Pop. Es darf gegroovt werden. Traditioneller Bestandteil des \u00dcWAG energy-event ist die eindrucksvolle \u00dcWAG laser-show. Modernste Licht- und Tontechnik taucht kurz vor Mitternacht das Festzelt in ein Meer aus Farben und Kl\u00e4ngen. Besucher d\u00fcrfen sich auf eine spektakul\u00e4re Komposition freuen. Nachtschw\u00e4rmer k\u00f6nnen den \u00dcWAG energy-event anschlie\u00dfend bei der Disco Night mit DJ M\u00c4H ausklingen lassen.<\/p>\n<p><strong>Nachmittagsprogramm f\u00fcr die ganze Familie<\/strong><\/p>\n<p>Dar\u00fcber hinaus geh\u00f6rt zum \u00dcWAG energy-event auch ein gro\u00dfes Rahmenprogramm mit vielen Familien-Attraktionen. Ab 15:00 Uhr gibt es auf dem Festplatz in Salm\u00fcnster unter anderem einen Luftballon-Weitflug-Wettbewerb. Au\u00dferdem veranstalten Circus Ikarus und die Kinder-Akademie Fulda mit H\u00fcpfburg, Roll-Rutsche, Kinderschminken und Basteln viele Aktionen f\u00fcr die kleinen Besucher. Zum energy-event macht das \u00dcWAG-Mobil mit seinem breiten Service- und Beratungsangebot Station am Festplatz. Die G\u00e4ste k\u00f6nnen die Gelegenheit nutzen, um sich zu allen Themen des effizienten Energieeinsatzes zu informieren.<\/p>\n<p>Die \u00f6rtlichen Vereine bieten Leckereien und Getr\u00e4nke \u2013 nat\u00fcrlich auch Kaffee und Kuchen \u2013 zu familiengerechten Preisen an. Musikalisch begleitet wird der Nachmittag von den Jugendorchestern des Musikvereins 1921 Salm\u00fcnster und des Musikvereins C\u00e4cilia Bad Soden 1920. Ab 18:00 Uhr gibt es dann musikalische Girl-Power mit den M\u00e4dels von \u201eSHE\u201c und ihrem melodi\u00f6sen Gitarren-Rock.<\/p>\n<p>Der Eintritt zum Nachmittagsprogramm des \u00dcWAG energy-event ist frei \u2013 Karten f\u00fcr das Abendprogramm kosten f\u00fcnf Euro und sind an der Abendkasse erh\u00e4ltlich. Im Vorverkauf gibt es Karten im \u00dcWAG-Kundenzentrum in Fulda sowie beim \u00dcWAG-Service in Schl\u00fcchtern und Bad Soden-Salm\u00fcnster. Die Einnahmen kommen wie in den Vorjahren der Aktion \u201eIch brauche Deine Hilfe!\u201c der Fuldaer Zeitung und der Kinzigtal-Nachrichten zugute. Die Parkpl\u00e4tze f\u00fcr den \u00dcWAG energy-event sind beschildert. Ab 19:00 Uhr verbindet ein kostenloser Pendelbus die Parkpl\u00e4tze und die Innenstadt mit dem Festgel\u00e4nde. N\u00e4here Informationen rund um das musikalische Gro\u00dfereignis gibt es unter www.uewag.de im Internet.<\/p>\n","protected":false},"excerpt":{"rendered":"<div class=\"tmnf_excerpt\"><p>Bad Soden-Salm\u00fcnster. \u201eThe Rattles\u201c \u2013 die deutschen Beatles \u2013 sind der musikalische H\u00f6hepunkt beim diesj\u00e4hrigen \u00dcWAG energy-event in Bad Soden-Salm\u00fcnster. Neben der Kult-Band aus Hamburg steht am Samstag, 4. September 2010, auch die regionale Big-Band-Formation \u201eVorsicht Gebl\u00e4se!\u201c auf der \u00dcWAG-B\u00fchne am Festplatz Salm\u00fcnster. Au\u00dferdem im Abendprogramm: die eindrucksvolle \u00dcWAG laser-show und die Disco Night mit &hellip;<\/p>\n<\/div>","protected":false},"author":1,"featured_media":0,"comment_status":"closed","ping_status":"closed","sticky":false,"template":"","format":"standard","meta":{"footnotes":""},"categories":[1,44],"tags":[],"class_list":["post-67732","post","type-post","status-publish","format-standard","hentry","category-startseite","category-kultur"],"_links":{"self":[{"href":"https:\/\/www.fuldaernachrichten.de\/index.php?rest_route=\/wp\/v2\/posts\/67732","targetHints":{"allow":["GET"]}}],"collection":[{"href":"https:\/\/www.fuldaernachrichten.de\/index.php?rest_route=\/wp\/v2\/posts"}],"about":[{"href":"https:\/\/www.fuldaernachrichten.de\/index.php?rest_route=\/wp\/v2\/types\/post"}],"author":[{"embeddable":true,"href":"https:\/\/www.fuldaernachrichten.de\/index.php?rest_route=\/wp\/v2\/users\/1"}],"replies":[{"embeddable":true,"href":"https:\/\/www.fuldaernachrichten.de\/index.php?rest_route=%2Fwp%2Fv2%2Fcomments&post=67732"}],"version-history":[{"count":2,"href":"https:\/\/www.fuldaernachrichten.de\/index.php?rest_route=\/wp\/v2\/posts\/67732\/revisions"}],"predecessor-version":[{"id":67773,"href":"https:\/\/www.fuldaernachrichten.de\/index.php?rest_route=\/wp\/v2\/posts\/67732\/revisions\/67773"}],"wp:attachment":[{"href":"https:\/\/www.fuldaernachrichten.de\/index.php?rest_route=%2Fwp%2Fv2%2Fmedia&parent=67732"}],"wp:term":[{"taxonomy":"category","embeddable":true,"href":"https:\/\/www.fuldaernachrichten.de\/index.php?rest_route=%2Fwp%2Fv2%2Fcategories&post=67732"},{"taxonomy":"post_tag","embeddable":true,"href":"https:\/\/www.fuldaernachrichten.de\/index.php?rest_route=%2Fwp%2Fv2%2Ftags&post=67732"}],"curies":[{"name":"wp","href":"https:\/\/api.w.org\/{rel}","templated":true}]}}