{"id":6773,"date":"2007-12-06T00:12:54","date_gmt":"2007-12-05T23:12:54","guid":{"rendered":"http:\/\/www.schoene-nachrichten.de\/?p=6773"},"modified":"2007-12-14T00:22:05","modified_gmt":"2007-12-13T23:22:05","slug":"heilige-des-tages-heute-hl-nikolaus","status":"publish","type":"post","link":"https:\/\/www.fuldaernachrichten.de\/?p=6773","title":{"rendered":"&#8220;Heilige des Tages&#8221; &#8211; heute: Hl. Nikolaus"},"content":{"rendered":"<p><strong><img decoding=\"async\" align=\"left\" src=\"http:\/\/www.schoene-nachrichten.de\/wp-content\/uploads\/2007\/07\/070704_bistum1.jpg\" hspace=\"5\" alt=\"070704_bistum1.jpg\" \/>Serie.<\/strong> Am 06. Dezember ist der Namenstag des Hl. Nikolaus, Bischof von Myra. Der Name kommt aus dem Griechischen und bedeutet: Sieg des Volkes. Nikolaus wurde um das Jahr 345 in Myra als Sohn wohlhabender Eltern geboren. Sie erzogen ihn gottesf\u00fcrchtig und er f\u00fchrte ein vorbildliches Leben.<\/p>\n<p><strong>Video ansehen mit:<\/strong> <a target=\"_blank\" href=\"http:\/\/www.schoene-nachrichten.de\/wp-content\/uploads\/2007\/12\/071206_Bistum.wmv\">Windows Media Player<\/a> oder <a target=\"_blank\" href=\"http:\/\/www.schoene-nachrichten.de\/Video\/071206_Bistum.rmvb\">Real Media Player<\/a><\/p>\n<p><!--more-->Sein Onkel, der Bischof von Myra, dem heutigen Demre in der T\u00fcrkei, weihte ihn zum Priester. W\u00e4hrend der Pest verstarben seine Eltern und Nikolaus verteilte das gesamte Verm\u00f6gen an die Armen. In einem von seinem Onkel erbauten Kloster wurde er Abt. Dieses Amt verwaltete und f\u00fchrte er mit gro\u00dfer Weisheit.<\/p>\n<p>Als er von einer Pilgerreise aus dem Hl. Land nach Hause zur\u00fcckkehrte, w\u00e4hlte ihn der Klerus zum Bischof von Myra. Es geh\u00f6rte viel Mut und Klugheit dazu, in dieser Zeit der letzten Christenverfolgung unter Kaiser Diokletian ein solches Amt zu verwalten.<\/p>\n<p>\u201eSollen meine Worte Kraft haben, in die Herzen einzudringen, so muss ich meinen Sch\u00e4flein voranleuchten, als ein Muster aller Tugenden\u201c pflegte Nikolaus zu sagen. Er war barmherzig, fastete und schlief auf dem blo\u00dfen Boden, vor Tagesanbruch schon versammelte er seine Geistlichen zum Gebet.<\/p>\n<p>Aber Nikolaus wurde unter der Christenverfolgung ergriffen und in den Kerker geworfen. Als Kaiser Konstantin jedoch die christliche Religion im Staate einf\u00fchrte, konnte Nikolaus als Bischof von Myra zur\u00fcckkehren. Auf dem Konzil von Nic\u00e4a verurteilte er mit anderen Bisch\u00f6fen die arianische Irrlehre.<\/p>\n<p>Nikolaus starb in hohem Alter. Die Reliquien des Hl. Nikolaus befinden sich in der Krypta der Basilika San Nicola in Bari. Seit der \u00dcbertragung seiner Gebeine ist er einer der gefeiertsten Volksheiligen des Abendlandes.<\/p>\n<p>Jedes Kind kennt den Hl. Nikolaus. Dargestellt wird der Heilige in bisch\u00f6flicher Kleidung, drei goldene Kugeln auf einem Buche tragend, mit 3 aus einem Bottich aufsteigenden Knaben, mit Anker und Schiff. Er ist der Patron von Russland, Lothringen, von Bari und Trani und S\u00fcditalien sowie vieler Berufsgruppen.<\/p>\n<p><img decoding=\"async\" src=\"http:\/\/www.schoene-nachrichten.de\/wp-content\/uploads\/2007\/02\/x_sponsor.gif\" alt=\"x_sponsor.gif\" \/>[local \/wp-content\/uploads\/2007\/12\/071206_Bistum.wmv]<\/p>\n","protected":false},"excerpt":{"rendered":"<div class=\"tmnf_excerpt\"><p>Serie. Am 06. Dezember ist der Namenstag des Hl. Nikolaus, Bischof von Myra. Der Name kommt aus dem Griechischen und bedeutet: Sieg des Volkes. Nikolaus wurde um das Jahr 345 in Myra als Sohn wohlhabender Eltern geboren. Sie erzogen ihn gottesf\u00fcrchtig und er f\u00fchrte ein vorbildliches Leben. Video ansehen mit: Windows Media Player oder Real &hellip;<\/p>\n<\/div>","protected":false},"author":1,"featured_media":0,"comment_status":"closed","ping_status":"closed","sticky":false,"template":"","format":"standard","meta":{"footnotes":""},"categories":[1,50],"tags":[],"class_list":["post-6773","post","type-post","status-publish","format-standard","hentry","category-startseite","category-kirche"],"_links":{"self":[{"href":"https:\/\/www.fuldaernachrichten.de\/index.php?rest_route=\/wp\/v2\/posts\/6773","targetHints":{"allow":["GET"]}}],"collection":[{"href":"https:\/\/www.fuldaernachrichten.de\/index.php?rest_route=\/wp\/v2\/posts"}],"about":[{"href":"https:\/\/www.fuldaernachrichten.de\/index.php?rest_route=\/wp\/v2\/types\/post"}],"author":[{"embeddable":true,"href":"https:\/\/www.fuldaernachrichten.de\/index.php?rest_route=\/wp\/v2\/users\/1"}],"replies":[{"embeddable":true,"href":"https:\/\/www.fuldaernachrichten.de\/index.php?rest_route=%2Fwp%2Fv2%2Fcomments&post=6773"}],"version-history":[{"count":0,"href":"https:\/\/www.fuldaernachrichten.de\/index.php?rest_route=\/wp\/v2\/posts\/6773\/revisions"}],"wp:attachment":[{"href":"https:\/\/www.fuldaernachrichten.de\/index.php?rest_route=%2Fwp%2Fv2%2Fmedia&parent=6773"}],"wp:term":[{"taxonomy":"category","embeddable":true,"href":"https:\/\/www.fuldaernachrichten.de\/index.php?rest_route=%2Fwp%2Fv2%2Fcategories&post=6773"},{"taxonomy":"post_tag","embeddable":true,"href":"https:\/\/www.fuldaernachrichten.de\/index.php?rest_route=%2Fwp%2Fv2%2Ftags&post=6773"}],"curies":[{"name":"wp","href":"https:\/\/api.w.org\/{rel}","templated":true}]}}