{"id":67714,"date":"2010-08-24T00:50:15","date_gmt":"2010-08-23T22:50:15","guid":{"rendered":"http:\/\/www.fuldaer-nachrichten.de\/?p=67714"},"modified":"2010-08-24T08:50:23","modified_gmt":"2010-08-24T06:50:23","slug":"pfarrer-gerhard-juengst-in-ruhestand","status":"publish","type":"post","link":"https:\/\/www.fuldaernachrichten.de\/?p=67714","title":{"rendered":"Pfarrer Gerhard J\u00fcngst in Ruhestand"},"content":{"rendered":"<p><strong>Fulda\/Oberweser. <\/strong>Bischof Heinz Josef Algermissen hat Geistlichen Rat Pfarrer Gerhard J\u00fcngst (Oedelsheim) mit Wirkung vom 1. Oktober in den Ruhestand versetzt. Pfarrer J\u00fcngst hatte aus Alters- und Gesundheitsgr\u00fcnden um Entpflichtung gebeten. F\u00fcr die im Bistum Fulda geleisteten treuen Dienste hat der Oberhirte ihm in einem pers\u00f6nlichen Schreiben Dank und Anerkennung ausgesprochen und ihn als \u201egeistlichen, theologisch kompetenten und pastoral sehr engagierten Mitbruder\u201c gew\u00fcrdigt.<!--more--><\/p>\n<p>Pfarrer J\u00fcngst geboren am 29. November 1940 in Emsdorf, absolvierte seine Gymnasialzeit an der Stiftsschule St. Johann zu Am\u00f6neburg sowie am Domgymnasium in Fulda. Nach dem Abitur 1961 studierte er in Fulda und Bonn Philosophie und Theologie. Am 29. Juni 1968 empfing er im Fuldaer Dom die Priesterweihe durch Bischof Dr. Adolf Bolte. Danach war J\u00fcngst zun\u00e4chst als Kaplan in Hauswurz t\u00e4tig. 1971 wurde er dann Kaplan an St. Bonifatius in Kassel.<\/p>\n<p>1977 kam er als Seelsorger nach Ihringshausen. Von 1980 bis 2004 wirkte er zudem als Beauftragter des Bistums Fulda f\u00fcr \u201eKirche und Sport\u201c. Seit September 1993 war J\u00fcngst als Pfarrer in St. Johannes Nepomuk in Oedelsheim und in St. Wigbert in Veckerhagen t\u00e4tig. Von April 2006 an wirkte J\u00fcngst in der Di\u00f6zese auch als Gemeindeberater. In Anerkennung seiner Verdienste wurde er im Dezember 2009 zum Geistlichen Rat ernannt. (bpf)<\/p>\n","protected":false},"excerpt":{"rendered":"<div class=\"tmnf_excerpt\"><p>Fulda\/Oberweser. Bischof Heinz Josef Algermissen hat Geistlichen Rat Pfarrer Gerhard J\u00fcngst (Oedelsheim) mit Wirkung vom 1. Oktober in den Ruhestand versetzt. Pfarrer J\u00fcngst hatte aus Alters- und Gesundheitsgr\u00fcnden um Entpflichtung gebeten. F\u00fcr die im Bistum Fulda geleisteten treuen Dienste hat der Oberhirte ihm in einem pers\u00f6nlichen Schreiben Dank und Anerkennung ausgesprochen und ihn als \u201egeistlichen, &hellip;<\/p>\n<\/div>","protected":false},"author":1,"featured_media":0,"comment_status":"closed","ping_status":"closed","sticky":false,"template":"","format":"standard","meta":{"footnotes":""},"categories":[1,50],"tags":[],"class_list":["post-67714","post","type-post","status-publish","format-standard","hentry","category-startseite","category-kirche"],"_links":{"self":[{"href":"https:\/\/www.fuldaernachrichten.de\/index.php?rest_route=\/wp\/v2\/posts\/67714","targetHints":{"allow":["GET"]}}],"collection":[{"href":"https:\/\/www.fuldaernachrichten.de\/index.php?rest_route=\/wp\/v2\/posts"}],"about":[{"href":"https:\/\/www.fuldaernachrichten.de\/index.php?rest_route=\/wp\/v2\/types\/post"}],"author":[{"embeddable":true,"href":"https:\/\/www.fuldaernachrichten.de\/index.php?rest_route=\/wp\/v2\/users\/1"}],"replies":[{"embeddable":true,"href":"https:\/\/www.fuldaernachrichten.de\/index.php?rest_route=%2Fwp%2Fv2%2Fcomments&post=67714"}],"version-history":[{"count":5,"href":"https:\/\/www.fuldaernachrichten.de\/index.php?rest_route=\/wp\/v2\/posts\/67714\/revisions"}],"predecessor-version":[{"id":67767,"href":"https:\/\/www.fuldaernachrichten.de\/index.php?rest_route=\/wp\/v2\/posts\/67714\/revisions\/67767"}],"wp:attachment":[{"href":"https:\/\/www.fuldaernachrichten.de\/index.php?rest_route=%2Fwp%2Fv2%2Fmedia&parent=67714"}],"wp:term":[{"taxonomy":"category","embeddable":true,"href":"https:\/\/www.fuldaernachrichten.de\/index.php?rest_route=%2Fwp%2Fv2%2Fcategories&post=67714"},{"taxonomy":"post_tag","embeddable":true,"href":"https:\/\/www.fuldaernachrichten.de\/index.php?rest_route=%2Fwp%2Fv2%2Ftags&post=67714"}],"curies":[{"name":"wp","href":"https:\/\/api.w.org\/{rel}","templated":true}]}}