{"id":67712,"date":"2010-08-24T00:48:22","date_gmt":"2010-08-23T22:48:22","guid":{"rendered":"http:\/\/www.fuldaer-nachrichten.de\/?p=67712"},"modified":"2010-08-24T08:48:42","modified_gmt":"2010-08-24T06:48:42","slug":"ausschreibungsfrist-fuer-duales-studium-hessen-award-2010-endet","status":"publish","type":"post","link":"https:\/\/www.fuldaernachrichten.de\/?p=67712","title":{"rendered":"Ausschreibungsfrist f\u00fcr &#8220;Duales Studium Hessen Award 2010&#8221; endet"},"content":{"rendered":"<p><strong>Wiesbaden. <\/strong>Die Ausschreibungsfrist f\u00fcr den \u201eDuales Studium Hessen Award 2010\u201c endet in wenigen Tagen: Bis zum 31. August 2010 haben Studierende und Absolventen dualer Studieng\u00e4nge, kleine und mittlere Unternehmen in Hessen, die dual Studierende besch\u00e4ftigen, sowie hessische Anbieter dualer Studieng\u00e4nge noch Zeit, um Beitr\u00e4ge f\u00fcr die Auszeichnung einzureichen. Pr\u00e4miert werden Kurzkonzepte zu Ideen rund um das Duale Studium in Hessen und besonderes Engagement im Rahmen dieses Ausbildungsmodells. Eine hochrangige Jury aus Vertretern der Wirtschaft und der Wissenschaft wird die Gewinner ausw\u00e4hlen, die am 24. November 2010 in Wiesbaden im Rahmen einer feierlichen Preisverleihung ausgezeichnet werden.<!--more--><\/p>\n<p>Bis zum Ende der Ausschreibungsfrist ist ein \u00fcberdimensionales, etwa zwei Meter gro\u00dfes Abbild der \u201eAward-Troph\u00e4e\u201c im Eingangsbereich des Hessischen Ministeriums f\u00fcr Wissenschaft und Kunst, Rheinstr. 23-25, zu sehen. Es ist die letzte Station der den Wettbewerb begleitenden Informationstour, die am 1. M\u00e4rz 2010 begann: Die \u201eAward-Troph\u00e4e\u201c war in den vergangenen Monaten an Hochschulen, Berufsakademien und anderen Standorten zu Gast, um auf den Wettbewerb aufmerksam zu machen.<\/p>\n<p>\u201eDuale Studieng\u00e4nge an Berufsakademien, Fachhochschulen und Universit\u00e4ten werden als dritter Weg f\u00fcr die Nachwuchsgewinnung immer wichtiger\u201c, hob Staatsministerin Eva K\u00fchne-H\u00f6rmann hervor. \u201eDie dualen Studieng\u00e4nge mit internationalen Hochschulabschl\u00fcssen, also Bachelor und Master, verzahnen Theorie und Praxis und vermitteln den Absolventen zus\u00e4tzlich wichtige Schnittstellenkompetenzen.\u201c<\/p>\n<p>Der \u201eDuales Studium Hessen Award 2010\u201c ist Teil der Kampagne \u201eDuales Studium Hessen\u201c, die 2008 vom Hessischen Ministerium f\u00fcr Wirtschaft, Verkehr und Landesentwicklung in Kooperation mit dem Hessischen Ministerium f\u00fcr Wissenschaft und Kunst initiiert wurde. Ziel ist es, den Auf- und Ausbau dualer Studieng\u00e4nge zu f\u00f6rdern. Diese innovative Verbindung eines Studiums an einer Hochschule oder Berufsakademie mit einer Ausbildung bzw. Berufst\u00e4tigkeit in einem Unternehmen wird in Hessen mittlerweile von mehr als 15 Institutionen angeboten.<\/p>\n<p><strong>Die Jury des \u201eDuales Studium Hessen Award 2010\u201c:<\/strong><\/p>\n<ul>\n<li>Dieter Posch, Hessischer Minister f\u00fcr Wirtschaft, Verkehr und Landesentwicklung (Schirmherr)<\/li>\n<li> Prof. Dr. G\u00fcnther Grabatin, Vorsitzender der Konferenz Hessischer Fachhochschulpr\u00e4sidien (KHF)<\/li>\n<li> Matthias Gr\u00e4\u00dfle, Gesch\u00e4ftsf\u00fchrer der Arbeitsgemeinschaft hessischer Industrie- und Handelskammern<\/li>\n<li> Dr. Frank Martin, Vorsitzender der Gesch\u00e4ftsf\u00fchrung der Regionaldirektion Hessen der Bundesagentur f\u00fcr Arbeit<\/li>\n<li> Mark Moser, Vertreter der Hessischen Berufsakademien<\/li>\n<li> R\u00fcdiger Muth, Regionalbeauftragter des Landesverbands Hessen des Bundesverbands mittelst\u00e4ndische Wirtschaft (BVMW)<\/li>\n<li> Prof. Dr. Udo Steffens, ehemaliger Sprecher des Vorstands des Verbands der privaten Hochschulen e. V.<\/li>\n<\/ul>\n<p>Weitere Informationen im Internet unter: <a href=\"http:\/\/www.dualesstudium-hessen.de\/award\" target=\"_blank\">www.dualesstudium-hessen.de\/award<\/a><\/p>\n","protected":false},"excerpt":{"rendered":"<div class=\"tmnf_excerpt\"><p>Wiesbaden. Die Ausschreibungsfrist f\u00fcr den \u201eDuales Studium Hessen Award 2010\u201c endet in wenigen Tagen: Bis zum 31. August 2010 haben Studierende und Absolventen dualer Studieng\u00e4nge, kleine und mittlere Unternehmen in Hessen, die dual Studierende besch\u00e4ftigen, sowie hessische Anbieter dualer Studieng\u00e4nge noch Zeit, um Beitr\u00e4ge f\u00fcr die Auszeichnung einzureichen. Pr\u00e4miert werden Kurzkonzepte zu Ideen rund um &hellip;<\/p>\n<\/div>","protected":false},"author":1,"featured_media":0,"comment_status":"closed","ping_status":"closed","sticky":false,"template":"","format":"standard","meta":{"footnotes":""},"categories":[1,53],"tags":[],"class_list":["post-67712","post","type-post","status-publish","format-standard","hentry","category-startseite","category-bildung"],"_links":{"self":[{"href":"https:\/\/www.fuldaernachrichten.de\/index.php?rest_route=\/wp\/v2\/posts\/67712","targetHints":{"allow":["GET"]}}],"collection":[{"href":"https:\/\/www.fuldaernachrichten.de\/index.php?rest_route=\/wp\/v2\/posts"}],"about":[{"href":"https:\/\/www.fuldaernachrichten.de\/index.php?rest_route=\/wp\/v2\/types\/post"}],"author":[{"embeddable":true,"href":"https:\/\/www.fuldaernachrichten.de\/index.php?rest_route=\/wp\/v2\/users\/1"}],"replies":[{"embeddable":true,"href":"https:\/\/www.fuldaernachrichten.de\/index.php?rest_route=%2Fwp%2Fv2%2Fcomments&post=67712"}],"version-history":[{"count":3,"href":"https:\/\/www.fuldaernachrichten.de\/index.php?rest_route=\/wp\/v2\/posts\/67712\/revisions"}],"predecessor-version":[{"id":67763,"href":"https:\/\/www.fuldaernachrichten.de\/index.php?rest_route=\/wp\/v2\/posts\/67712\/revisions\/67763"}],"wp:attachment":[{"href":"https:\/\/www.fuldaernachrichten.de\/index.php?rest_route=%2Fwp%2Fv2%2Fmedia&parent=67712"}],"wp:term":[{"taxonomy":"category","embeddable":true,"href":"https:\/\/www.fuldaernachrichten.de\/index.php?rest_route=%2Fwp%2Fv2%2Fcategories&post=67712"},{"taxonomy":"post_tag","embeddable":true,"href":"https:\/\/www.fuldaernachrichten.de\/index.php?rest_route=%2Fwp%2Fv2%2Ftags&post=67712"}],"curies":[{"name":"wp","href":"https:\/\/api.w.org\/{rel}","templated":true}]}}