{"id":6767,"date":"2007-12-04T00:11:01","date_gmt":"2007-12-03T23:11:01","guid":{"rendered":"http:\/\/www.schoene-nachrichten.de\/?p=6767"},"modified":"2007-12-04T00:59:39","modified_gmt":"2007-12-03T23:59:39","slug":"atemschutzgeraetetraegerlehrgang-ii-in-neuhof","status":"publish","type":"post","link":"https:\/\/www.fuldaernachrichten.de\/?p=6767","title":{"rendered":"Atemschutzger\u00e4tetr\u00e4gerlehrgang in Neuhof"},"content":{"rendered":"<p><strong>Feuerwehr.<\/strong> Mitte November\u00c2\u00a0fand im Feuerwehrst\u00fctzpunkt Neuhof ein Atemschutzger\u00e4tetr\u00e4gerlehrgang II statt. Durchgef\u00fchrt wurde der Lehrgang nach den Richtlinien der Hessischen Landesfeuerwehrschule in Kassel. Als Ausbilder fungierten drei Beamte der Branddirektion Frankfurt am Main.<\/p>\n<p><strong>Fotos (6) und Text:<\/strong> FFW Neuhof-Mitte<\/p>\n<p><a rel=\"lightbox[roadtrip]\" target=\"_blank\" href=\"http:\/\/www.schoene-nachrichten.de\/wp-content\/uploads\/2007\/12\/071203_atemschutzlehrgang01.jpg\" title=\"071203_atemschutzlehrgang01.jpg\"><img decoding=\"async\" src=\"http:\/\/www.schoene-nachrichten.de\/wp-content\/uploads\/2007\/12\/071203_atemschutzlehrgang01.thumbnail.jpg\" alt=\"071203_atemschutzlehrgang01.jpg\" \/><\/a>\u00c2\u00a0<a rel=\"lightbox[roadtrip]\" target=\"_blank\" href=\"http:\/\/www.schoene-nachrichten.de\/wp-content\/uploads\/2007\/12\/071203_atemschutzlehrgang02.jpg\" title=\"071203_atemschutzlehrgang02.jpg\"><img decoding=\"async\" src=\"http:\/\/www.schoene-nachrichten.de\/wp-content\/uploads\/2007\/12\/071203_atemschutzlehrgang02.thumbnail.jpg\" alt=\"071203_atemschutzlehrgang02.jpg\" \/><\/a>\u00c2\u00a0<a rel=\"lightbox[roadtrip]\" target=\"_blank\" href=\"http:\/\/www.schoene-nachrichten.de\/wp-content\/uploads\/2007\/12\/071203_atemschutzlehrgang03.jpg\" title=\"071203_atemschutzlehrgang03.jpg\"><img decoding=\"async\" src=\"http:\/\/www.schoene-nachrichten.de\/wp-content\/uploads\/2007\/12\/071203_atemschutzlehrgang03.thumbnail.jpg\" alt=\"071203_atemschutzlehrgang03.jpg\" \/><\/a><br \/>\n<!--more--><\/p>\n<p>An diesem Lehrgang nahmen zw\u00f6lf Kameraden der Freiwilligen Feuerwehr Neuhof-Mitte teil, um die Bef\u00e4higung zum Tragen von Chemikalienschutzanz\u00fcgen (CSA) zu erhalten. Da die Feuerwehr Neuhof \u00fcber vier dieser Anz\u00fcge verf\u00fcgt, ist es erforderlich m\u00f6glichst viele Atemschutzger\u00e4tetr\u00e4ger im Umgang mit den CSA zu schulen.<\/p>\n<p>Beim\u00c2\u00a0theoretischen Teil des Lehrgangs wurde das erforderliche Grundwissen wie Schutzwirkung, Aufbau und die zu ber\u00fccksichtigende Einsatzgrunds\u00e4tze im Umgang mit den Anz\u00fcgen vermittelt. Im Anschluss an den Theorieteil wurde zun\u00e4chst eine praktische Gew\u00f6hnungs\u00fcbung unter CSA durchgef\u00fchrt, bei der die Teilnehmer T\u00e4tigkeiten wie Flansche miteinander verbinden, Steckleiter steigen und das Bergen eines 60 Liter Fasses aus einer Grube durchf\u00fchren mussten.<\/p>\n<p><a rel=\"lightbox[roadtrip]\" target=\"_blank\" href=\"http:\/\/www.schoene-nachrichten.de\/wp-content\/uploads\/2007\/12\/071203_atemschutzlehrgang04.jpg\" title=\"071203_atemschutzlehrgang04.jpg\"><img decoding=\"async\" src=\"http:\/\/www.schoene-nachrichten.de\/wp-content\/uploads\/2007\/12\/071203_atemschutzlehrgang04.thumbnail.jpg\" alt=\"071203_atemschutzlehrgang04.jpg\" \/><\/a>\u00c2\u00a0<a rel=\"lightbox[roadtrip]\" target=\"_blank\" href=\"http:\/\/www.schoene-nachrichten.de\/wp-content\/uploads\/2007\/12\/071203_atemschutzlehrgang07.jpg\" title=\"071203_atemschutzlehrgang07.jpg\"><img decoding=\"async\" src=\"http:\/\/www.schoene-nachrichten.de\/wp-content\/uploads\/2007\/12\/071203_atemschutzlehrgang07.thumbnail.jpg\" alt=\"071203_atemschutzlehrgang07.jpg\" \/><\/a>\u00c2\u00a0<a rel=\"lightbox[roadtrip]\" target=\"_blank\" href=\"http:\/\/www.schoene-nachrichten.de\/wp-content\/uploads\/2007\/12\/071203_atemschutzlehrgang08.jpg\" title=\"071203_atemschutzlehrgang08.jpg\"><img decoding=\"async\" src=\"http:\/\/www.schoene-nachrichten.de\/wp-content\/uploads\/2007\/12\/071203_atemschutzlehrgang08.thumbnail.jpg\" alt=\"071203_atemschutzlehrgang08.jpg\" \/><\/a><\/p>\n<p>Nach Beendigung der Gew\u00f6hnungs\u00fcbung stand die schriftliche Abnahmepr\u00fcfung auf dem Programm. Bei dieser mussten die Teilnehmer ihr erworbenes Wissen unter Beweis stellen. Als letzter Lehrgangsteil wurde die praktische Abnahmepr\u00fcfung durchgef\u00fchrt. Als Ausgangslage f\u00fcr diese Pr\u00fcfung wurde ein LKW-Unfall mit Austritt von Chemikalien angenommen. Die vorgehenden Trupps mussten zun\u00e4chst einen leckgeschlagenen Kanister abdichten. Daran anschlie\u00dfend musste ein Kanaleinlauf mittels Dichtkissen abgedichtet sowie der leckgeschlagene Kanister in ein \u00dcberfass verbracht werden.<\/p>\n<p>Nach Auswertung der Ergebnisse erhielten alle Teilnehmer ihre Lehrgangsbescheinigung. Der Feuerwehr Neuhof stehen nun zw\u00f6lf weitere Atemschutzger\u00e4tetr\u00e4ger mit der Bef\u00e4higung zum Tragen von Chemikalienschutzanz\u00fcgen zur Verf\u00fcgung. F\u00fcr die Unterst\u00fctzung bei der Durchf\u00fchrung des Lehrgangs geb\u00fchrt der Feuerwehr- und Rettungsdienstakademie der Branddirektion Frankfurt am Main ein besonderer Dank.<\/p>\n","protected":false},"excerpt":{"rendered":"<div class=\"tmnf_excerpt\"><p>Feuerwehr. Mitte November\u00c2\u00a0fand im Feuerwehrst\u00fctzpunkt Neuhof ein Atemschutzger\u00e4tetr\u00e4gerlehrgang II statt. Durchgef\u00fchrt wurde der Lehrgang nach den Richtlinien der Hessischen Landesfeuerwehrschule in Kassel. Als Ausbilder fungierten drei Beamte der Branddirektion Frankfurt am Main. Fotos (6) und Text: FFW Neuhof-Mitte \u00c2\u00a0\u00c2\u00a0<\/p>\n<\/div>","protected":false},"author":1,"featured_media":0,"comment_status":"closed","ping_status":"closed","sticky":false,"template":"","format":"standard","meta":{"footnotes":""},"categories":[1,71],"tags":[],"class_list":["post-6767","post","type-post","status-publish","format-standard","hentry","category-startseite","category-feuerwehr"],"_links":{"self":[{"href":"https:\/\/www.fuldaernachrichten.de\/index.php?rest_route=\/wp\/v2\/posts\/6767","targetHints":{"allow":["GET"]}}],"collection":[{"href":"https:\/\/www.fuldaernachrichten.de\/index.php?rest_route=\/wp\/v2\/posts"}],"about":[{"href":"https:\/\/www.fuldaernachrichten.de\/index.php?rest_route=\/wp\/v2\/types\/post"}],"author":[{"embeddable":true,"href":"https:\/\/www.fuldaernachrichten.de\/index.php?rest_route=\/wp\/v2\/users\/1"}],"replies":[{"embeddable":true,"href":"https:\/\/www.fuldaernachrichten.de\/index.php?rest_route=%2Fwp%2Fv2%2Fcomments&post=6767"}],"version-history":[{"count":0,"href":"https:\/\/www.fuldaernachrichten.de\/index.php?rest_route=\/wp\/v2\/posts\/6767\/revisions"}],"wp:attachment":[{"href":"https:\/\/www.fuldaernachrichten.de\/index.php?rest_route=%2Fwp%2Fv2%2Fmedia&parent=6767"}],"wp:term":[{"taxonomy":"category","embeddable":true,"href":"https:\/\/www.fuldaernachrichten.de\/index.php?rest_route=%2Fwp%2Fv2%2Fcategories&post=6767"},{"taxonomy":"post_tag","embeddable":true,"href":"https:\/\/www.fuldaernachrichten.de\/index.php?rest_route=%2Fwp%2Fv2%2Ftags&post=6767"}],"curies":[{"name":"wp","href":"https:\/\/api.w.org\/{rel}","templated":true}]}}