{"id":6766,"date":"2007-12-04T00:03:30","date_gmt":"2007-12-03T23:03:30","guid":{"rendered":"http:\/\/www.schoene-nachrichten.de\/?p=6766"},"modified":"2007-12-03T23:09:11","modified_gmt":"2007-12-03T22:09:11","slug":"feierlicher-abschluss-der-glaubenswoche-in-flieden","status":"publish","type":"post","link":"https:\/\/www.fuldaernachrichten.de\/?p=6766","title":{"rendered":"Feierlicher Abschlu\u00df der Glaubenswoche in Flieden"},"content":{"rendered":"<p><a rel=\"lightbox[roadtrip]\" target=\"_blank\" href=\"http:\/\/www.schoene-nachrichten.de\/wp-content\/uploads\/2007\/12\/07-12-03-abschluss-glaubens.jpg\" title=\"07-12-03-abschluss-glaubens.jpg\"><strong><img decoding=\"async\" align=\"left\" src=\"http:\/\/www.schoene-nachrichten.de\/wp-content\/uploads\/2007\/12\/07-12-03-abschluss-glaubens.thumbnail.jpg\" hspace=\"5\" alt=\"07-12-03-abschluss-glaubens.jpg\" \/><\/strong><\/a>\u00c2\u00a0<strong>Sch\u00f6nes aus Flieden.<\/strong> Am vergangenen Sonntag fand in Flieden in der gut gef\u00fcllten Pfarrkirche St. Goar die feierliche Abschlu\u00dfandacht der Glaubenswoche statt, die unter dem Schwerpunkt \u201eNeuentdeckung des christlichen Glaubens\u201c stand. Durchgef\u00fchrt wurde diese Glaubenserneuerung durch den Provinzial Pater Thomas Klosterkamp, den Novizenmeister Pater Martin Wolf sowie f\u00fcnf Novizen der Oblaten\u00c2\u00a0 der makellosen Jungfrau Maria (OMI).<!--more--><\/p>\n<p>Innerhalb dieser Woche fanden diverse Gespr\u00e4chskreise f\u00fcr Erwachsene und Themenabende f\u00fcr Jugendliche statt. Au\u00dferdem gab es jeden Tag eine Missionspredigt zu ausgew\u00e4hlten Themen, und die Novizen f\u00fchrten Hausbesuche und die Krankenkommunion durch.<\/p>\n<p><a rel=\"lightbox[roadtrip]\" target=\"_blank\" href=\"http:\/\/www.schoene-nachrichten.de\/wp-content\/uploads\/2007\/12\/071203_abschluss3.jpg\" title=\"071203_abschluss3.jpg\"><img decoding=\"async\" align=\"left\" src=\"http:\/\/www.schoene-nachrichten.de\/wp-content\/uploads\/2007\/12\/071203_abschluss3.thumbnail.jpg\" hspace=\"5\" alt=\"071203_abschluss3.jpg\" \/><\/a>In seiner Abschlu\u00dfpredigt betonte Pater Klosterkamp, da\u00df die katholische Kirche stolz auf ihre Strukturen sein kann, da\u00df es aber deshalb noch keinen Grund zum Ausruhen g\u00e4be. Vielmehr w\u00e4ren jetzt die Gemeindemitglieder &#8211; besonders die J\u00fcngeren &#8211; gefragt\u00c2\u00a0 standhafte Katholiken zu sein. Diese m\u00fcssten in Zukunft im allt\u00e4glichen Leben vermehrt eine christliche Meinung vertreten. Weiterhin betonte er, da\u00df der Glauben wieder in die j\u00fcngeren Familien Einzug halten m\u00fcsse, denn diesen fehle es oft an Glaubensweitergabe, was ein Grundproblem der heutigen Gesellschaft sei.<\/p>\n<p>Ortspfarrer Thomas Maleja bedankte sich herzlich bei den OMI-Br\u00fcdern und \u00fcberreichte ihnen als Dank f\u00fcr Ihre gute Arbeit ein Geschenk der Pfarrei. Maleja betonte noch einmal, da\u00df es jetzt an der Gemeinde l\u00e4ge, Multiplikatoren des Glaubens zu sein und diese Woche weiterzuf\u00fchren. Abschlie\u00dfend erteilte Pater Wolf und Pater Klosterkamp den Anwesenden den P\u00e4pstlichen Segen, der eine Absolution mit sich f\u00fchrt.<\/p>\n","protected":false},"excerpt":{"rendered":"<div class=\"tmnf_excerpt\"><p>\u00c2\u00a0Sch\u00f6nes aus Flieden. Am vergangenen Sonntag fand in Flieden in der gut gef\u00fcllten Pfarrkirche St. Goar die feierliche Abschlu\u00dfandacht der Glaubenswoche statt, die unter dem Schwerpunkt \u201eNeuentdeckung des christlichen Glaubens\u201c stand. Durchgef\u00fchrt wurde diese Glaubenserneuerung durch den Provinzial Pater Thomas Klosterkamp, den Novizenmeister Pater Martin Wolf sowie f\u00fcnf Novizen der Oblaten\u00c2\u00a0 der makellosen Jungfrau Maria &hellip;<\/p>\n<\/div>","protected":false},"author":1,"featured_media":0,"comment_status":"closed","ping_status":"closed","sticky":false,"template":"","format":"standard","meta":{"footnotes":""},"categories":[1,50],"tags":[],"class_list":["post-6766","post","type-post","status-publish","format-standard","hentry","category-startseite","category-kirche"],"_links":{"self":[{"href":"https:\/\/www.fuldaernachrichten.de\/index.php?rest_route=\/wp\/v2\/posts\/6766","targetHints":{"allow":["GET"]}}],"collection":[{"href":"https:\/\/www.fuldaernachrichten.de\/index.php?rest_route=\/wp\/v2\/posts"}],"about":[{"href":"https:\/\/www.fuldaernachrichten.de\/index.php?rest_route=\/wp\/v2\/types\/post"}],"author":[{"embeddable":true,"href":"https:\/\/www.fuldaernachrichten.de\/index.php?rest_route=\/wp\/v2\/users\/1"}],"replies":[{"embeddable":true,"href":"https:\/\/www.fuldaernachrichten.de\/index.php?rest_route=%2Fwp%2Fv2%2Fcomments&post=6766"}],"version-history":[{"count":0,"href":"https:\/\/www.fuldaernachrichten.de\/index.php?rest_route=\/wp\/v2\/posts\/6766\/revisions"}],"wp:attachment":[{"href":"https:\/\/www.fuldaernachrichten.de\/index.php?rest_route=%2Fwp%2Fv2%2Fmedia&parent=6766"}],"wp:term":[{"taxonomy":"category","embeddable":true,"href":"https:\/\/www.fuldaernachrichten.de\/index.php?rest_route=%2Fwp%2Fv2%2Fcategories&post=6766"},{"taxonomy":"post_tag","embeddable":true,"href":"https:\/\/www.fuldaernachrichten.de\/index.php?rest_route=%2Fwp%2Fv2%2Ftags&post=6766"}],"curies":[{"name":"wp","href":"https:\/\/api.w.org\/{rel}","templated":true}]}}