{"id":67651,"date":"2010-08-24T03:55:29","date_gmt":"2010-08-24T01:55:29","guid":{"rendered":"http:\/\/www.fuldaer-nachrichten.de\/?p=67651"},"modified":"2010-08-24T08:58:11","modified_gmt":"2010-08-24T06:58:11","slug":"fuldaer-gebrauchtbootmarkt-am-samstag-18-09-2010","status":"publish","type":"post","link":"https:\/\/www.fuldaernachrichten.de\/?p=67651","title":{"rendered":"Fuldaer Gebrauchtbootmarkt am Samstag 18.09.2010"},"content":{"rendered":"<p><strong>Fulda. <\/strong>Kanus, Kajaks und Bootszubeh\u00f6r kaufen und verkaufen. Sie suchen ein gebrauchtes Kajak, einen Canadier, Paddelbekleidung oder Zubeh\u00f6r? Sie m\u00f6chten Ihr Boot, die Schwimmwesten und Zubeh\u00f6r verkaufen? Dann ist der Fuldaer Gebrauchtbootmarkt am 18. September 2010 die richtigen Adresse. Die Firma aufunddavon in der Brauhausstra\u00dfe 5, im Zentrum von Fulda, stellt das Firmengel\u00e4nde f\u00fcr den Gebrauchtbootmarkt kostenlos zur Verfu\u00cc\u02c6gung.<!--more--><\/p>\n<p><strong>Rahmenprogramm<\/strong><\/p>\n<ul>\n<li>Diashow &#8211; Costa Rica is Calling<\/li>\n<li> Die Extrempaddler Uli Knittel und Thilo Wietzke zeigen ihre spektakul\u00e4rsten Bilder und erz\u00e4hlen die wildesten Geschichten aus den Fluten Mittelamerikas.<\/li>\n<li> Zeit: 10:00 bis 16:00 Uhr<\/li>\n<li> Warenanlieferung fu\u00cc\u02c6r Verk\u00e4ufer ab 8:00 Uhr<\/li>\n<li> Ort: Outdoor Zentrum, Brauhausstra\u00dfe 5, 36037 Fulda<\/li>\n<li> Parkm\u00f6glichkeit: im Parkhaus direkt gegenu\u00cc\u02c6ber<\/li>\n<li> Ansprechpartner: J\u00f6rg Peters, Telefon: 0661 \/ 76464, joerg@aufunddavon.com<\/li>\n<\/ul>\n<p>Weitere Infos: <a href=\"http:\/\/www.gebrauchtbootmarkt-fulda.de\" target=\"_blank\">www.gebrauchtbootmarkt-fulda.de<\/a><\/p>\n","protected":false},"excerpt":{"rendered":"<div class=\"tmnf_excerpt\"><p>Fulda. Kanus, Kajaks und Bootszubeh\u00f6r kaufen und verkaufen. Sie suchen ein gebrauchtes Kajak, einen Canadier, Paddelbekleidung oder Zubeh\u00f6r? Sie m\u00f6chten Ihr Boot, die Schwimmwesten und Zubeh\u00f6r verkaufen? Dann ist der Fuldaer Gebrauchtbootmarkt am 18. September 2010 die richtigen Adresse. Die Firma aufunddavon in der Brauhausstra\u00dfe 5, im Zentrum von Fulda, stellt das Firmengel\u00e4nde f\u00fcr den &hellip;<\/p>\n<\/div>","protected":false},"author":1,"featured_media":0,"comment_status":"closed","ping_status":"closed","sticky":false,"template":"","format":"standard","meta":{"footnotes":""},"categories":[1],"tags":[],"class_list":["post-67651","post","type-post","status-publish","format-standard","hentry","category-startseite"],"_links":{"self":[{"href":"https:\/\/www.fuldaernachrichten.de\/index.php?rest_route=\/wp\/v2\/posts\/67651","targetHints":{"allow":["GET"]}}],"collection":[{"href":"https:\/\/www.fuldaernachrichten.de\/index.php?rest_route=\/wp\/v2\/posts"}],"about":[{"href":"https:\/\/www.fuldaernachrichten.de\/index.php?rest_route=\/wp\/v2\/types\/post"}],"author":[{"embeddable":true,"href":"https:\/\/www.fuldaernachrichten.de\/index.php?rest_route=\/wp\/v2\/users\/1"}],"replies":[{"embeddable":true,"href":"https:\/\/www.fuldaernachrichten.de\/index.php?rest_route=%2Fwp%2Fv2%2Fcomments&post=67651"}],"version-history":[{"count":2,"href":"https:\/\/www.fuldaernachrichten.de\/index.php?rest_route=\/wp\/v2\/posts\/67651\/revisions"}],"predecessor-version":[{"id":67772,"href":"https:\/\/www.fuldaernachrichten.de\/index.php?rest_route=\/wp\/v2\/posts\/67651\/revisions\/67772"}],"wp:attachment":[{"href":"https:\/\/www.fuldaernachrichten.de\/index.php?rest_route=%2Fwp%2Fv2%2Fmedia&parent=67651"}],"wp:term":[{"taxonomy":"category","embeddable":true,"href":"https:\/\/www.fuldaernachrichten.de\/index.php?rest_route=%2Fwp%2Fv2%2Fcategories&post=67651"},{"taxonomy":"post_tag","embeddable":true,"href":"https:\/\/www.fuldaernachrichten.de\/index.php?rest_route=%2Fwp%2Fv2%2Ftags&post=67651"}],"curies":[{"name":"wp","href":"https:\/\/api.w.org\/{rel}","templated":true}]}}