{"id":67610,"date":"2010-08-23T00:36:46","date_gmt":"2010-08-22T22:36:46","guid":{"rendered":"http:\/\/www.fuldaer-nachrichten.de\/?p=67610"},"modified":"2010-08-23T08:37:39","modified_gmt":"2010-08-23T06:37:39","slug":"leben-in-fuelle-von-altoetting-nach-flieden-2","status":"publish","type":"post","link":"https:\/\/www.fuldaernachrichten.de\/?p=67610","title":{"rendered":"\u201cLeben in F\u00fclle\u201c von Alt\u00f6tting nach Flieden"},"content":{"rendered":"<p><strong>Flieden.<\/strong> Bei herrlichem Sonnenschein ist k\u00fcrzlich das 15. Internationale Forum Alt\u00f6tting zu Ende gegangen. \u00dcber 2000 Teilnehmer kamen in diesem Jahr: 360 Kinder zwischen zwei und zw\u00f6lf Jahren, rund 160 Teenies, 500 Jugendliche aus 20 L\u00e4ndern und \u00fcber 1000 Teilnehmer beim Erwachsenen- und Familienforum feierten zusammen ihren Glauben. Zum zweiten Mal machten sich auch 38 Teilnehmer aus der Pfarrgemeinde St. Goar auf den Weg nach Alt\u00f6tting, um an diesem Forum der Gemeinschaft Emmanuel teilzunehmen. Durch  zahlreichen Musicalauff\u00fchrungen in Flieden ist die Gemeinschaft dort bereits gut bekannt.<\/p>\n<p><a href=\"http:\/\/www.fuldaer-nachrichten.de\/wp-content\/uploads\/2010\/08\/100821_Flieden2.jpg\"><img decoding=\"async\" class=\"alignnone size-medium wp-image-67616\" title=\"100821_Flieden2\" src=\"http:\/\/www.fuldaer-nachrichten.de\/wp-content\/uploads\/2010\/08\/100821_Flieden2-265x165.jpg\" alt=\"\" width=\"265\" height=\"165\" srcset=\"https:\/\/www.fuldaernachrichten.de\/wp-content\/uploads\/2010\/08\/100821_Flieden2-265x165.jpg 265w, https:\/\/www.fuldaernachrichten.de\/wp-content\/uploads\/2010\/08\/100821_Flieden2.jpg 600w\" sizes=\"(max-width: 265px) 100vw, 265px\" \/><\/a> <a href=\"http:\/\/www.fuldaer-nachrichten.de\/wp-content\/uploads\/2010\/08\/100821_Flieden1.jpg\"><img decoding=\"async\" class=\"alignnone size-medium wp-image-67615\" title=\"100821_Flieden1\" src=\"http:\/\/www.fuldaer-nachrichten.de\/wp-content\/uploads\/2010\/08\/100821_Flieden1-265x183.jpg\" alt=\"\" width=\"239\" height=\"165\" srcset=\"https:\/\/www.fuldaernachrichten.de\/wp-content\/uploads\/2010\/08\/100821_Flieden1-265x183.jpg 265w, https:\/\/www.fuldaernachrichten.de\/wp-content\/uploads\/2010\/08\/100821_Flieden1.jpg 600w\" sizes=\"(max-width: 239px) 100vw, 239px\" \/><\/a><!--more-->Die Gemeinschaft Emmanuel (\u201eGott mit uns\u201c) ist eine vom hl. Stuhl anerkannte junge Gemeinschaft in vielen L\u00e4ndern der Welt pr\u00e4sent. Vom Landwirt bis zur Studentin, vom Juristen bis zur Verk\u00e4uferin \u2013 Ehepaare, junge Leute und Singles geh\u00f6ren genauso zur Gemeinschaft wie Priester und z\u00f6libat\u00e4r lebende Schwestern und Br\u00fcder. Jeder lebt in seinem famili\u00e4ren und beruflichen Umfeld und setzt sich besonders daf\u00fcr ein, das Evangelium der Welt von heute sichtbar und erfahrbar zu machen.<\/p>\n<p><a href=\"http:\/\/www.fuldaer-nachrichten.de\/wp-content\/uploads\/2010\/08\/100821_Flieden3.jpg\"><img decoding=\"async\" class=\"alignnone size-medium wp-image-67617\" title=\"100821_Flieden3\" src=\"http:\/\/www.fuldaer-nachrichten.de\/wp-content\/uploads\/2010\/08\/100821_Flieden3-265x134.jpg\" alt=\"\" width=\"265\" height=\"134\" srcset=\"https:\/\/www.fuldaernachrichten.de\/wp-content\/uploads\/2010\/08\/100821_Flieden3-265x134.jpg 265w, https:\/\/www.fuldaernachrichten.de\/wp-content\/uploads\/2010\/08\/100821_Flieden3.jpg 600w\" sizes=\"(max-width: 265px) 100vw, 265px\" \/><\/a> <a href=\"http:\/\/www.fuldaer-nachrichten.de\/wp-content\/uploads\/2010\/08\/100821_Flieden5.jpg\"><img loading=\"lazy\" decoding=\"async\" class=\"alignnone size-medium wp-image-67619\" title=\"100821_Flieden5\" src=\"http:\/\/www.fuldaer-nachrichten.de\/wp-content\/uploads\/2010\/08\/100821_Flieden5-265x177.jpg\" alt=\"\" width=\"265\" height=\"177\" srcset=\"https:\/\/www.fuldaernachrichten.de\/wp-content\/uploads\/2010\/08\/100821_Flieden5-265x177.jpg 265w, https:\/\/www.fuldaernachrichten.de\/wp-content\/uploads\/2010\/08\/100821_Flieden5.jpg 600w\" sizes=\"(max-width: 265px) 100vw, 265px\" \/><\/a><\/p>\n<p>Und das konnte hier hautnah erlebt werden. Es gab einen riesigen Markt (Forum) der M\u00f6glichkeiten, ausgerichtete auf Kinder, Jugendliche, Erwachsene oder Priester. Mit ausgiebigem Lobpreis startete der Tag. Dem schloss sich eine Katechese an, die stets aktuell und mitreisend von hervorragenden Referenten vorgetragen wurde. Mit einem Gottesdienst schloss das Vormittagsprogramm.<\/p>\n<p>Im riesengro\u00dfen Essenszelt traf man sich dann zum Mittagessen. So gest\u00e4rkt konnte dann jeder sein pers\u00f6nliches Nachmittagsprogramm gestalten. Viele Gespr\u00e4chskreise luden mit aktuellen Themen zur Teilnahme ein. Wer sich zwischendurch st\u00e4rken wollte, war in das Forums-Kaffee eingeladen: Hier wurde man des \u00d6fteren von Pfarrer, PGR-Sprecherin und Gemeindereferentin bedient und das Forums-Caf\u00e9 avancierte zum Fliedener St\u00fctzpunkt.<\/p>\n<p><a href=\"http:\/\/www.fuldaer-nachrichten.de\/wp-content\/uploads\/2010\/08\/100821_Flieden4.jpg\"><img loading=\"lazy\" decoding=\"async\" class=\"alignnone size-medium wp-image-67618\" title=\"100821_Flieden4\" src=\"http:\/\/www.fuldaer-nachrichten.de\/wp-content\/uploads\/2010\/08\/100821_Flieden4-265x255.jpg\" alt=\"\" width=\"265\" height=\"255\" srcset=\"https:\/\/www.fuldaernachrichten.de\/wp-content\/uploads\/2010\/08\/100821_Flieden4-265x255.jpg 265w, https:\/\/www.fuldaernachrichten.de\/wp-content\/uploads\/2010\/08\/100821_Flieden4.jpg 623w\" sizes=\"(max-width: 265px) 100vw, 265px\" \/><\/a> <a href=\"http:\/\/www.fuldaer-nachrichten.de\/wp-content\/uploads\/2010\/08\/100821_Flieden6.jpg\"><img loading=\"lazy\" decoding=\"async\" class=\"alignnone size-medium wp-image-67620\" title=\"100821_Flieden6\" src=\"http:\/\/www.fuldaer-nachrichten.de\/wp-content\/uploads\/2010\/08\/100821_Flieden6-265x251.jpg\" alt=\"\" width=\"268\" height=\"254\" srcset=\"https:\/\/www.fuldaernachrichten.de\/wp-content\/uploads\/2010\/08\/100821_Flieden6-265x251.jpg 265w, https:\/\/www.fuldaernachrichten.de\/wp-content\/uploads\/2010\/08\/100821_Flieden6.jpg 632w\" sizes=\"(max-width: 268px) 100vw, 268px\" \/><\/a><\/p>\n<p>W\u00e4hrend der ganzen Zeit war sp\u00fcrbar in wessen Geist sich hier alle versammelt haben. Alle Teilnehmer sp\u00fcrten eine Ahnung des himmlischen Jerusalem, Glaubensfreude und Ermutigung, sich wieder neu auf Jesus auszurichten. Gest\u00e4rkt und begeistert wurde am Mittwoch die Heimreise angetreten.<\/p>\n<p>Die Jugendlichen fanden u. a. den Abend der Barmherzigkeit sehr anr\u00fchrend. An diesem Abend versammelten sich alle Teilnehmer in der Basilika, um vor dem ausgesetzten Allerheiligsten Anbetung zu halten und viele, viele Beichtgespr\u00e4che zu f\u00fchren. Juliane Kre\u00df (15) aus Magdlos bereits zum 2. Mal dabei, f\u00fchlte, dass ihre Akkus wieder aufgeladen wurden und sie so gest\u00e4rkt ins neuen Schuljahr gehen kann. Wendelin Junk, Vorsitzender der KAB Flieden, war begeistert so viele Jugendlichen und junge Familien zu erleben, die ihr Leben ganz auf Jesus ausrichten. Die ganze Atmosph\u00e4re des Forums stellte eine Erneuerung des eigenen Glaubenslebens dar. Claudia und Werner Brunner haben schon jetzt beschlossen n\u00e4chstes Jahr wieder zu kommen. Einen so lebendigen Glauben zu erleben sei ermutigend und bereichernd zugleich.<\/p>\n<p>Felix Leitschuh (11 Jahre), der mit seinen drei Geschwistern und Eltern am Forum teilnahm, konnte viele Kinder kennenlernen, die mit ihm und seinen Geschwistern ein Musical einstudierten. Die gute Schule von Pia Bagus bei den St. Goar Kids zeigte gro\u00dfen Erfolg: als Jesus sang er gekonnt die Hauptrolle. Mechthild Albinger (PGR Sprecherin) empfand die Tage als Tankstelle. Ihr taten vor allem die Lobpreislieder gut, die besonders die Glaubensfreude zum Ausdruck bringen und eine Nachhaltigkeit haben. Insgesamt waren alle Teilnehmer begeistert von den Erfahrungen dieser Tage.<\/p>\n<p><a href=\"http:\/\/www.fuldaer-nachrichten.de\/wp-content\/uploads\/2010\/08\/100821_Flieden7.jpg\"><img loading=\"lazy\" decoding=\"async\" class=\"alignleft size-medium wp-image-67621\" title=\"100821_Flieden7\" src=\"http:\/\/www.fuldaer-nachrichten.de\/wp-content\/uploads\/2010\/08\/100821_Flieden7-265x177.jpg\" alt=\"\" width=\"265\" height=\"177\" srcset=\"https:\/\/www.fuldaernachrichten.de\/wp-content\/uploads\/2010\/08\/100821_Flieden7-265x177.jpg 265w, https:\/\/www.fuldaernachrichten.de\/wp-content\/uploads\/2010\/08\/100821_Flieden7.jpg 600w\" sizes=\"(max-width: 265px) 100vw, 265px\" \/><\/a>Weitere Eindr\u00fccke vom Tag finden Sie unter: <a href=\"http:\/\/st.goar-flieden.de\">http:\/\/st.goar-flieden.de<\/a>\/<\/p>\n","protected":false},"excerpt":{"rendered":"<div class=\"tmnf_excerpt\"><p>Flieden. Bei herrlichem Sonnenschein ist k\u00fcrzlich das 15. Internationale Forum Alt\u00f6tting zu Ende gegangen. \u00dcber 2000 Teilnehmer kamen in diesem Jahr: 360 Kinder zwischen zwei und zw\u00f6lf Jahren, rund 160 Teenies, 500 Jugendliche aus 20 L\u00e4ndern und \u00fcber 1000 Teilnehmer beim Erwachsenen- und Familienforum feierten zusammen ihren Glauben. Zum zweiten Mal machten sich auch 38 &hellip;<\/p>\n<\/div>","protected":false},"author":1,"featured_media":0,"comment_status":"closed","ping_status":"closed","sticky":false,"template":"","format":"standard","meta":{"footnotes":""},"categories":[1,50],"tags":[],"class_list":["post-67610","post","type-post","status-publish","format-standard","hentry","category-startseite","category-kirche"],"_links":{"self":[{"href":"https:\/\/www.fuldaernachrichten.de\/index.php?rest_route=\/wp\/v2\/posts\/67610","targetHints":{"allow":["GET"]}}],"collection":[{"href":"https:\/\/www.fuldaernachrichten.de\/index.php?rest_route=\/wp\/v2\/posts"}],"about":[{"href":"https:\/\/www.fuldaernachrichten.de\/index.php?rest_route=\/wp\/v2\/types\/post"}],"author":[{"embeddable":true,"href":"https:\/\/www.fuldaernachrichten.de\/index.php?rest_route=\/wp\/v2\/users\/1"}],"replies":[{"embeddable":true,"href":"https:\/\/www.fuldaernachrichten.de\/index.php?rest_route=%2Fwp%2Fv2%2Fcomments&post=67610"}],"version-history":[{"count":11,"href":"https:\/\/www.fuldaernachrichten.de\/index.php?rest_route=\/wp\/v2\/posts\/67610\/revisions"}],"predecessor-version":[{"id":67634,"href":"https:\/\/www.fuldaernachrichten.de\/index.php?rest_route=\/wp\/v2\/posts\/67610\/revisions\/67634"}],"wp:attachment":[{"href":"https:\/\/www.fuldaernachrichten.de\/index.php?rest_route=%2Fwp%2Fv2%2Fmedia&parent=67610"}],"wp:term":[{"taxonomy":"category","embeddable":true,"href":"https:\/\/www.fuldaernachrichten.de\/index.php?rest_route=%2Fwp%2Fv2%2Fcategories&post=67610"},{"taxonomy":"post_tag","embeddable":true,"href":"https:\/\/www.fuldaernachrichten.de\/index.php?rest_route=%2Fwp%2Fv2%2Ftags&post=67610"}],"curies":[{"name":"wp","href":"https:\/\/api.w.org\/{rel}","templated":true}]}}