{"id":67601,"date":"2010-08-23T02:33:53","date_gmt":"2010-08-23T00:33:53","guid":{"rendered":"http:\/\/www.fuldaer-nachrichten.de\/?p=67601"},"modified":"2010-08-23T08:34:31","modified_gmt":"2010-08-23T06:34:31","slug":"gesundheits-stopp-mit-viel-musik-im-baederland-bayerische-rhoen","status":"publish","type":"post","link":"https:\/\/www.fuldaernachrichten.de\/?p=67601","title":{"rendered":"Gesundheits-Stopp mit viel Musik im B\u00e4derland Bayerische Rh\u00f6n"},"content":{"rendered":"<p><strong>Rh\u00f6n.<\/strong> Kur und Kultur \u2013 das bietet das B\u00e4derland Bayerische Rh\u00f6n auch im Herbst in idealer Kombination. Wer nicht nur sprudelnde Quellen, hei\u00dfe B\u00e4der und wohlige Saunaw\u00e4rme liebt, sondern auch Musik, Theater und fr\u00f6hliche Feste, ist im Kur-Quintett im Herzen Deutschlands an der richtigen Adresse. So facettenreich wie die Gesundheitsangebote pr\u00e4sentiert sich auch der herbstliche Kulturreigen von Bad Br\u00fcckenau, Bad Kissingen, Bad Bocklet, Bad K\u00f6nigshofen oder Bad Neustadt.<\/p>\n<p><a href=\"..\/wp-content\/uploads\/2010\/08\/100821_Rh%C3%B6n1.jpg\"><img decoding=\"async\" title=\"100821_Rh\u00f6n1\" src=\"..\/wp-content\/uploads\/2010\/08\/100821_Rh%C3%B6n1-265x88.jpg\" alt=\"\" width=\"265\" height=\"88\" \/><\/a> <a href=\"..\/wp-content\/uploads\/2010\/08\/100821_Rh%C3%B6n2.jpg\"><img decoding=\"async\" title=\"100821_Rh\u00f6n2\" src=\"..\/wp-content\/uploads\/2010\/08\/100821_Rh%C3%B6n2-265x198.jpg\" alt=\"\" height=\"88\" \/><!--more--><\/a>Der Herbst ist ideal, um das Immunsystem vor dem Start in die kalte Jahreszeit zu st\u00e4rken. Noch mehr Spa\u00df macht solch ein \u201eGesundheits-Stopp\u201c, wenn auch das Rahmenprogramm rund um Quellen, Therme und Massagen stimmt. Ob Wellness-Wochenenden, Kurzurlaub oder Reha-Aufenthalt: sprudelnde Quellen f\u00fcr den gestressten K\u00f6rper, politisches Kabarett f\u00fcr den Geist und musikalische Streicheleinheiten f\u00fcr die Seele sorgen f\u00fcr die perfekte Erholung.<\/p>\n<p>Jeder der f\u00fcnf fr\u00e4nkischen Gesundheitsexperten bietet ein abwechslungsreiches Veranstaltungsprogramm: Bad Kissingen lockt am 11. September mit seinem Kissinger Operettenzauber mit Iva Simon, mit dem mittelalterlichen Burgspektakel \u201eBotenlauben Festspiele\u201c am 18.\/19.September, dem 8. Kissinger KlavierOlymp vom 7. bis 10. Oktober 2010 sowie dem \u201eKissinger Kabarettherbst\u201c vom 16. Oktober bis 27. November. Rund geht\u00e2\u20ac\u2122s im Herbst auch im Biedermeierbad Bad Bocklet mit Schlosskonzert auf Schloss Aschach, den Wolga-Kosaken, Saaletal-Musikanten, Beethoven- und Mozarttagen und Kabarett mit Michl M\u00fcller \u201eAlso glebbsdes\u201c.<\/p>\n<p>Den Auftakt in die Herbstsaison bildet in Bad K\u00f6nigshofen am 11. und 12. September der Nordbayerische Kunst- und Handwerkermarkt. Alles was das Heim versch\u00f6nt, pr\u00e4sentiert Bad Br\u00fcckenau im Rahmen der Ausstellung \u201eHaus &amp; Garten Tr\u00e4ume\u201c vom 9. bis 12. September; Swing-Freunde kommen am 18. September bei Pete York and friends auf ihre Kosten, Sessions vom Feinsten sind im Schlosspark zu h\u00f6ren. Das Herbstkonzert im Rahmen der Bad Br\u00fcckenauer Jahreskonzerte am 13. November hat \u201ePantheon der G\u00f6tter\u201c zum Thema. Wer\u00e2\u20ac\u2122s z\u00fcnftig mag, sollte sich die B\u00f6hmischen Konzerte der Egerl\u00e4nder Blasmusik am 19. September und 23. Oktober vormerken. Immer sonntags (bis Oktober) l\u00e4dt Bad Neustadt am Vormittag zum Standkonzert auf dem Marktplatz und am Nachmittag zu \u201eBlasmusik im Kurpark\u201c am 05.09. und 19.09.2010. Kabarett vom Feinsten ist am 24.09. (Hagen Rether), 19.11. (TBC &amp; FFB) und am 01.12.2010 (Rolf Miller) zu sehen und zu h\u00f6ren. \u201eDiabetes\u201c Vorbeugen \u2013 Erkennen \u2013 Handeln, das ist das Thema der Gesundheitstage in Bad Neustadt zwischen dem 19.09. \u2013 26.09.2010.<\/p>\n<p>Viele weitere Anregungen f\u00fcr einen herbstlichen Gesundheitsurlaub mit viel Kultur gibt es im Veranstaltungskalender unter <a href=\"http:\/\/www.baederland-bayerische-rhoen.de\">www.baederland-bayerische-rhoen.de<\/a> sowie unter der kostenfreien Service-Hotline 0800\/97 61 600.<\/p>\n","protected":false},"excerpt":{"rendered":"<div class=\"tmnf_excerpt\"><p>Rh\u00f6n. Kur und Kultur \u2013 das bietet das B\u00e4derland Bayerische Rh\u00f6n auch im Herbst in idealer Kombination. Wer nicht nur sprudelnde Quellen, hei\u00dfe B\u00e4der und wohlige Saunaw\u00e4rme liebt, sondern auch Musik, Theater und fr\u00f6hliche Feste, ist im Kur-Quintett im Herzen Deutschlands an der richtigen Adresse. So facettenreich wie die Gesundheitsangebote pr\u00e4sentiert sich auch der herbstliche &hellip;<\/p>\n<\/div>","protected":false},"author":1,"featured_media":0,"comment_status":"closed","ping_status":"closed","sticky":false,"template":"","format":"standard","meta":{"footnotes":""},"categories":[1,52],"tags":[],"class_list":["post-67601","post","type-post","status-publish","format-standard","hentry","category-startseite","category-umwelt"],"_links":{"self":[{"href":"https:\/\/www.fuldaernachrichten.de\/index.php?rest_route=\/wp\/v2\/posts\/67601","targetHints":{"allow":["GET"]}}],"collection":[{"href":"https:\/\/www.fuldaernachrichten.de\/index.php?rest_route=\/wp\/v2\/posts"}],"about":[{"href":"https:\/\/www.fuldaernachrichten.de\/index.php?rest_route=\/wp\/v2\/types\/post"}],"author":[{"embeddable":true,"href":"https:\/\/www.fuldaernachrichten.de\/index.php?rest_route=\/wp\/v2\/users\/1"}],"replies":[{"embeddable":true,"href":"https:\/\/www.fuldaernachrichten.de\/index.php?rest_route=%2Fwp%2Fv2%2Fcomments&post=67601"}],"version-history":[{"count":7,"href":"https:\/\/www.fuldaernachrichten.de\/index.php?rest_route=\/wp\/v2\/posts\/67601\/revisions"}],"predecessor-version":[{"id":67627,"href":"https:\/\/www.fuldaernachrichten.de\/index.php?rest_route=\/wp\/v2\/posts\/67601\/revisions\/67627"}],"wp:attachment":[{"href":"https:\/\/www.fuldaernachrichten.de\/index.php?rest_route=%2Fwp%2Fv2%2Fmedia&parent=67601"}],"wp:term":[{"taxonomy":"category","embeddable":true,"href":"https:\/\/www.fuldaernachrichten.de\/index.php?rest_route=%2Fwp%2Fv2%2Fcategories&post=67601"},{"taxonomy":"post_tag","embeddable":true,"href":"https:\/\/www.fuldaernachrichten.de\/index.php?rest_route=%2Fwp%2Fv2%2Ftags&post=67601"}],"curies":[{"name":"wp","href":"https:\/\/api.w.org\/{rel}","templated":true}]}}