{"id":67574,"date":"2010-08-23T00:43:40","date_gmt":"2010-08-22T22:43:40","guid":{"rendered":"http:\/\/www.fuldaer-nachrichten.de\/?p=67574"},"modified":"2010-08-23T08:43:47","modified_gmt":"2010-08-23T06:43:47","slug":"landrat-bernd-woide-zu-gast-bei-landrat-rudolf-marx","status":"publish","type":"post","link":"https:\/\/www.fuldaernachrichten.de\/?p=67574","title":{"rendered":"Landrat Bernd Woide zu Gast bei Landrat Rudolf Marx"},"content":{"rendered":"<p><a href=\"http:\/\/www.fuldaer-nachrichten.de\/wp-content\/uploads\/2010\/08\/100821_MarxWoide.jpg\"><img decoding=\"async\" class=\"alignnone size-medium wp-image-67580\" title=\"100821_MarxWoide\" src=\"http:\/\/www.fuldaer-nachrichten.de\/wp-content\/uploads\/2010\/08\/100821_MarxWoide-265x109.jpg\" alt=\"\" hspace=\"5\" width=\"265\" height=\"109\" align=\"left\" srcset=\"https:\/\/www.fuldaernachrichten.de\/wp-content\/uploads\/2010\/08\/100821_MarxWoide-265x109.jpg 265w, https:\/\/www.fuldaernachrichten.de\/wp-content\/uploads\/2010\/08\/100821_MarxWoide.jpg 600w\" sizes=\"(max-width: 265px) 100vw, 265px\" \/><\/a><strong>Vogelsbergkreis<\/strong>. Arbeitsmarkt, Bildung, Konjunkturprogramme, Regionalentwicklung, Energieeinsparung, Tourismus \u2013 die Tagesordnung war umfangreich, als vor Kurzem der Fuldaer Landrat Bernd Woide seinen Kollegen Rudolf Marx im Nachbarlandkreis besuchte. Beide Landr\u00e4te hoben den gro\u00dfen Konsens in wesentlichen Fragen hervor und verwiesen zum Beispiel auf die \u201ehervorragende Zusammenarbeit im Bereich 50-plus\u201c, also der Vermittlung von Langzeitarbeitslosen. Auch M\u00f6glichkeiten einer st\u00e4rkeren Kooperation im Bereich Tourismus wurden er\u00f6rtert. Unser Foto zeigt von links: Dr. Heiko Wingenfeld, Erster Kreisbeigeordneter im Landkreis Fulda, Landrat Bernd Woide, Landrat Rudolf Marx und Erster Kreisbeigeordneter Gerhard Ruhl.<\/p>\n","protected":false},"excerpt":{"rendered":"<div class=\"tmnf_excerpt\"><p>Vogelsbergkreis. Arbeitsmarkt, Bildung, Konjunkturprogramme, Regionalentwicklung, Energieeinsparung, Tourismus \u2013 die Tagesordnung war umfangreich, als vor Kurzem der Fuldaer Landrat Bernd Woide seinen Kollegen Rudolf Marx im Nachbarlandkreis besuchte. Beide Landr\u00e4te hoben den gro\u00dfen Konsens in wesentlichen Fragen hervor und verwiesen zum Beispiel auf die \u201ehervorragende Zusammenarbeit im Bereich 50-plus\u201c, also der Vermittlung von Langzeitarbeitslosen. Auch M\u00f6glichkeiten &hellip;<\/p>\n<\/div>","protected":false},"author":1,"featured_media":0,"comment_status":"closed","ping_status":"closed","sticky":false,"template":"","format":"standard","meta":{"footnotes":""},"categories":[1,29],"tags":[],"class_list":["post-67574","post","type-post","status-publish","format-standard","hentry","category-startseite","category-politik"],"_links":{"self":[{"href":"https:\/\/www.fuldaernachrichten.de\/index.php?rest_route=\/wp\/v2\/posts\/67574","targetHints":{"allow":["GET"]}}],"collection":[{"href":"https:\/\/www.fuldaernachrichten.de\/index.php?rest_route=\/wp\/v2\/posts"}],"about":[{"href":"https:\/\/www.fuldaernachrichten.de\/index.php?rest_route=\/wp\/v2\/types\/post"}],"author":[{"embeddable":true,"href":"https:\/\/www.fuldaernachrichten.de\/index.php?rest_route=\/wp\/v2\/users\/1"}],"replies":[{"embeddable":true,"href":"https:\/\/www.fuldaernachrichten.de\/index.php?rest_route=%2Fwp%2Fv2%2Fcomments&post=67574"}],"version-history":[{"count":8,"href":"https:\/\/www.fuldaernachrichten.de\/index.php?rest_route=\/wp\/v2\/posts\/67574\/revisions"}],"predecessor-version":[{"id":67644,"href":"https:\/\/www.fuldaernachrichten.de\/index.php?rest_route=\/wp\/v2\/posts\/67574\/revisions\/67644"}],"wp:attachment":[{"href":"https:\/\/www.fuldaernachrichten.de\/index.php?rest_route=%2Fwp%2Fv2%2Fmedia&parent=67574"}],"wp:term":[{"taxonomy":"category","embeddable":true,"href":"https:\/\/www.fuldaernachrichten.de\/index.php?rest_route=%2Fwp%2Fv2%2Fcategories&post=67574"},{"taxonomy":"post_tag","embeddable":true,"href":"https:\/\/www.fuldaernachrichten.de\/index.php?rest_route=%2Fwp%2Fv2%2Ftags&post=67574"}],"curies":[{"name":"wp","href":"https:\/\/api.w.org\/{rel}","templated":true}]}}