{"id":67568,"date":"2010-08-23T03:34:47","date_gmt":"2010-08-23T01:34:47","guid":{"rendered":"http:\/\/www.fuldaer-nachrichten.de\/?p=67568"},"modified":"2010-08-23T08:35:04","modified_gmt":"2010-08-23T06:35:04","slug":"neuauflage-des-gesundheitswegweisers-fuer-den-landkreis-fulda-erschienen","status":"publish","type":"post","link":"https:\/\/www.fuldaernachrichten.de\/?p=67568","title":{"rendered":"Neuauflage des Gesundheitswegweisers f\u00fcr den Landkreis Fulda erschienen"},"content":{"rendered":"<p><a href=\"http:\/\/www.fuldaer-nachrichten.de\/wp-content\/uploads\/2010\/08\/100821_Gesundheitswegweiser.jpg\"><img fetchpriority=\"high\" decoding=\"async\" class=\"alignnone size-medium wp-image-67570\" title=\"100821_Gesundheitswegweiser\" src=\"http:\/\/www.fuldaer-nachrichten.de\/wp-content\/uploads\/2010\/08\/100821_Gesundheitswegweiser-265x380.jpg\" alt=\"\" hspace=\"5\" width=\"265\" height=\"380\" align=\"left\" srcset=\"https:\/\/www.fuldaernachrichten.de\/wp-content\/uploads\/2010\/08\/100821_Gesundheitswegweiser-265x380.jpg 265w, https:\/\/www.fuldaernachrichten.de\/wp-content\/uploads\/2010\/08\/100821_Gesundheitswegweiser.jpg 418w\" sizes=\"(max-width: 265px) 100vw, 265px\" \/><\/a><strong>Fulda.<\/strong> Die Region Fulda verf\u00fcgt \u00fcber eine gut ausgebaute medizinische und gesundheitliche Infrastruktur, die kompetente Hilfe bei Krankheit und in Notf\u00e4llen garantiert. Der zum zweiten Mal erscheinende Gesundheitswegweiser f\u00fcr den Landkreis Fulda gibt einen \u00dcberblick \u00fcber das breitgef\u00e4cherte Versorgungsangebot und stellt somit eine wichtige Orientierungshilfe dar, um zielgerichtet Informationen abfragen zu k\u00f6nnen.<\/p>\n<p>Neben einer Kreis- und Stadtkarte enth\u00e4lt die Publikation eine Adressliste der im Gesundheitsbereich t\u00e4tigen Einrichtungen und Personen, die jedoch keinen Anspruch auf Vollst\u00e4ndigkeit erhebt. Im redaktionellen Teil liegt das Schwergewicht auf einer Darstellung der vielf\u00e4ltigen Aufgaben des Kreisgesundheitsamtes, das sich in besonderer Weise der Gesundheitsf\u00f6rderung und der Verh\u00fctung von gesundheitlichen Gefahren verpflichtet f\u00fchlt.<\/p>\n<p>Die gemeinsam mit dem Verwaltungsverlag in M\u00fcnchen herausgegebene Brosch\u00fcre wird kostenlos bei der Kreisverwaltung, beim Gesundheitsamt sowie bei den Stadt- und Gemeindeverwaltungen abgegeben. Eine Online-Version des neuen Gesundheitswegweisers findet sich unter <a href=\"http:\/\/www.stadtplan.net\">www.stadtplan.net<\/a> im Internet.<\/p>\n","protected":false},"excerpt":{"rendered":"<div class=\"tmnf_excerpt\"><p>Fulda. Die Region Fulda verf\u00fcgt \u00fcber eine gut ausgebaute medizinische und gesundheitliche Infrastruktur, die kompetente Hilfe bei Krankheit und in Notf\u00e4llen garantiert. Der zum zweiten Mal erscheinende Gesundheitswegweiser f\u00fcr den Landkreis Fulda gibt einen \u00dcberblick \u00fcber das breitgef\u00e4cherte Versorgungsangebot und stellt somit eine wichtige Orientierungshilfe dar, um zielgerichtet Informationen abfragen zu k\u00f6nnen. Neben einer Kreis- &hellip;<\/p>\n<\/div>","protected":false},"author":1,"featured_media":0,"comment_status":"closed","ping_status":"closed","sticky":false,"template":"","format":"standard","meta":{"footnotes":""},"categories":[1,51],"tags":[],"class_list":["post-67568","post","type-post","status-publish","format-standard","hentry","category-startseite","category-medizin"],"_links":{"self":[{"href":"https:\/\/www.fuldaernachrichten.de\/index.php?rest_route=\/wp\/v2\/posts\/67568","targetHints":{"allow":["GET"]}}],"collection":[{"href":"https:\/\/www.fuldaernachrichten.de\/index.php?rest_route=\/wp\/v2\/posts"}],"about":[{"href":"https:\/\/www.fuldaernachrichten.de\/index.php?rest_route=\/wp\/v2\/types\/post"}],"author":[{"embeddable":true,"href":"https:\/\/www.fuldaernachrichten.de\/index.php?rest_route=\/wp\/v2\/users\/1"}],"replies":[{"embeddable":true,"href":"https:\/\/www.fuldaernachrichten.de\/index.php?rest_route=%2Fwp%2Fv2%2Fcomments&post=67568"}],"version-history":[{"count":5,"href":"https:\/\/www.fuldaernachrichten.de\/index.php?rest_route=\/wp\/v2\/posts\/67568\/revisions"}],"predecessor-version":[{"id":67628,"href":"https:\/\/www.fuldaernachrichten.de\/index.php?rest_route=\/wp\/v2\/posts\/67568\/revisions\/67628"}],"wp:attachment":[{"href":"https:\/\/www.fuldaernachrichten.de\/index.php?rest_route=%2Fwp%2Fv2%2Fmedia&parent=67568"}],"wp:term":[{"taxonomy":"category","embeddable":true,"href":"https:\/\/www.fuldaernachrichten.de\/index.php?rest_route=%2Fwp%2Fv2%2Fcategories&post=67568"},{"taxonomy":"post_tag","embeddable":true,"href":"https:\/\/www.fuldaernachrichten.de\/index.php?rest_route=%2Fwp%2Fv2%2Ftags&post=67568"}],"curies":[{"name":"wp","href":"https:\/\/api.w.org\/{rel}","templated":true}]}}