{"id":67544,"date":"2010-08-23T01:35:48","date_gmt":"2010-08-22T23:35:48","guid":{"rendered":"http:\/\/www.fuldaer-nachrichten.de\/?p=67544"},"modified":"2010-08-23T08:36:09","modified_gmt":"2010-08-23T06:36:09","slug":"chorreise-des-jugendkathedralchors-nach-sueddeutschland","status":"publish","type":"post","link":"https:\/\/www.fuldaernachrichten.de\/?p=67544","title":{"rendered":"Chorreise des JugendKathedralChors nach S\u00fcddeutschland"},"content":{"rendered":"<p><a href=\"http:\/\/www.fuldaer-nachrichten.de\/wp-content\/uploads\/2010\/08\/100821_chorreise.jpg\"><img decoding=\"async\" class=\"alignleft size-medium wp-image-67545\" src=\"http:\/\/www.fuldaer-nachrichten.de\/wp-content\/uploads\/2010\/08\/100821_chorreise-265x176.jpg\" alt=\"\" width=\"265\" height=\"176\" srcset=\"https:\/\/www.fuldaernachrichten.de\/wp-content\/uploads\/2010\/08\/100821_chorreise-265x176.jpg 265w, https:\/\/www.fuldaernachrichten.de\/wp-content\/uploads\/2010\/08\/100821_chorreise.jpg 592w\" sizes=\"(max-width: 265px) 100vw, 265px\" \/><\/a><strong>Fulda. <\/strong>In der letzten Ferienwoche machte sich der JugendKathedralChor unter der Leitung von Domkapellmeister Franz-Peter Huber auf den Weg zur diesj\u00e4hrigen Chorreise nach Oberbayern.<\/p>\n<p>Der H\u00f6hepunkt dieser Reise war die Mitgestaltung des Festgottesdienstes in der Kirche Mari\u00e4 Himmelfahrt in Chieming mit einem anschlie\u00dfenden Konzert sowie das Singen im Salzburger Dom. In den 6 Tagen waren auch noch viele andere interessante und abwechslungsreiche Veranstaltungen geplant, wie z. B. die Besichtigung der Wasserspiele im Schloss Hellbrunn oder eine Salzzeitreise durch das Salzbergwerk Berchtesgaden.<\/p>\n","protected":false},"excerpt":{"rendered":"<div class=\"tmnf_excerpt\"><p>Fulda. In der letzten Ferienwoche machte sich der JugendKathedralChor unter der Leitung von Domkapellmeister Franz-Peter Huber auf den Weg zur diesj\u00e4hrigen Chorreise nach Oberbayern. Der H\u00f6hepunkt dieser Reise war die Mitgestaltung des Festgottesdienstes in der Kirche Mari\u00e4 Himmelfahrt in Chieming mit einem anschlie\u00dfenden Konzert sowie das Singen im Salzburger Dom. In den 6 Tagen waren &hellip;<\/p>\n<\/div>","protected":false},"author":1,"featured_media":0,"comment_status":"closed","ping_status":"closed","sticky":false,"template":"","format":"standard","meta":{"footnotes":""},"categories":[1,72],"tags":[],"class_list":["post-67544","post","type-post","status-publish","format-standard","hentry","category-startseite","category-jugend"],"_links":{"self":[{"href":"https:\/\/www.fuldaernachrichten.de\/index.php?rest_route=\/wp\/v2\/posts\/67544","targetHints":{"allow":["GET"]}}],"collection":[{"href":"https:\/\/www.fuldaernachrichten.de\/index.php?rest_route=\/wp\/v2\/posts"}],"about":[{"href":"https:\/\/www.fuldaernachrichten.de\/index.php?rest_route=\/wp\/v2\/types\/post"}],"author":[{"embeddable":true,"href":"https:\/\/www.fuldaernachrichten.de\/index.php?rest_route=\/wp\/v2\/users\/1"}],"replies":[{"embeddable":true,"href":"https:\/\/www.fuldaernachrichten.de\/index.php?rest_route=%2Fwp%2Fv2%2Fcomments&post=67544"}],"version-history":[{"count":3,"href":"https:\/\/www.fuldaernachrichten.de\/index.php?rest_route=\/wp\/v2\/posts\/67544\/revisions"}],"predecessor-version":[{"id":67631,"href":"https:\/\/www.fuldaernachrichten.de\/index.php?rest_route=\/wp\/v2\/posts\/67544\/revisions\/67631"}],"wp:attachment":[{"href":"https:\/\/www.fuldaernachrichten.de\/index.php?rest_route=%2Fwp%2Fv2%2Fmedia&parent=67544"}],"wp:term":[{"taxonomy":"category","embeddable":true,"href":"https:\/\/www.fuldaernachrichten.de\/index.php?rest_route=%2Fwp%2Fv2%2Fcategories&post=67544"},{"taxonomy":"post_tag","embeddable":true,"href":"https:\/\/www.fuldaernachrichten.de\/index.php?rest_route=%2Fwp%2Fv2%2Ftags&post=67544"}],"curies":[{"name":"wp","href":"https:\/\/api.w.org\/{rel}","templated":true}]}}