{"id":67527,"date":"2010-08-23T03:40:04","date_gmt":"2010-08-23T01:40:04","guid":{"rendered":"http:\/\/www.fuldaer-nachrichten.de\/?p=67527"},"modified":"2010-08-23T08:40:42","modified_gmt":"2010-08-23T06:40:42","slug":"morgen-sommer-kunst-workshop-im-vonderau-museum","status":"publish","type":"post","link":"https:\/\/www.fuldaernachrichten.de\/?p=67527","title":{"rendered":"MORGEN: Sommer-Kunst-Workshop im Vonderau Museum"},"content":{"rendered":"<p><strong>Fulda.<\/strong> (hm) Als Malgr\u00fcnde sind uns Leinw\u00e4nde und Malpapiere gel\u00e4ufig und vertraut. Packpapier kennen wir eher als Gebrauchsmaterial. In diesem Kunst-Workshop wird die K\u00fcnstlerin Verena K\u00fchnlein den Teilnehmern zeigen, wie attraktiv Malerei auf Packpapier sein kann. Durch die erdige Farbe, die Struktur und Beweglichkeit des Materials lassen sich beim Bemalen besonders reizvolle Effekte erzielen. Die Teilnehmer malen mit Acrylfarben, gro\u00dfformatig, mit flottem Pinselstrich. Als besondere Aufh\u00e4ngung werden Bambusst\u00e4be verwendet, die oben und unten in das Packpapierbild eingezogen werden. Dieses Angebot ist f\u00fcr kreative Leute, die etwas Neues ausprobieren m\u00f6chten. Auch f\u00fcr Malanf\u00e4nger geeignet.<\/p>\n<p><a href=\"http:\/\/www.fuldaer-nachrichten.de\/wp-content\/uploads\/2010\/08\/100821_bambus1.jpg\"><img fetchpriority=\"high\" decoding=\"async\" class=\"alignnone size-medium wp-image-67528\" title=\"100821_bambus1\" src=\"http:\/\/www.fuldaer-nachrichten.de\/wp-content\/uploads\/2010\/08\/100821_bambus1-265x198.jpg\" alt=\"\" width=\"265\" height=\"198\" srcset=\"https:\/\/www.fuldaernachrichten.de\/wp-content\/uploads\/2010\/08\/100821_bambus1-265x198.jpg 265w, https:\/\/www.fuldaernachrichten.de\/wp-content\/uploads\/2010\/08\/100821_bambus1.jpg 592w\" sizes=\"(max-width: 265px) 100vw, 265px\" \/><\/a> <a href=\"http:\/\/www.fuldaer-nachrichten.de\/wp-content\/uploads\/2010\/08\/100821_bambus3.jpg\"><img decoding=\"async\" class=\"alignnone size-medium wp-image-67530\" title=\"100821_bambus3\" src=\"http:\/\/www.fuldaer-nachrichten.de\/wp-content\/uploads\/2010\/08\/100821_bambus3-265x198.jpg\" alt=\"\" width=\"265\" height=\"198\" srcset=\"https:\/\/www.fuldaernachrichten.de\/wp-content\/uploads\/2010\/08\/100821_bambus3-265x198.jpg 265w, https:\/\/www.fuldaernachrichten.de\/wp-content\/uploads\/2010\/08\/100821_bambus3.jpg 592w\" sizes=\"(max-width: 265px) 100vw, 265px\" \/><\/a><!--more-->Termin: Dienstag, 24. August 2010, 18.00 \u2013 21.00 Uhr<br \/>\nKursgeb\u00fchr: 40 \u00e2\u201a\u00ac. Im Preis sind alle Malutensilien enthalten.<br \/>\nBitte mitbringen: 2 Bambusst\u00e4be je 62cm L\u00e4nge; Schutzkleidung<br \/>\nDurchf\u00fchrung: Verena K\u00fchnlein (K\u00fcnstlerin) + Kornelia Wagner (Museumsp\u00e4dagogin)<br \/>\nOrt: K\u00fcnstlergalerie im Vonderau Museum<br \/>\nAnmeldungen ab sofort unter: Tel.0661 \u2013 9283518 (Vonderau Museum),  <a href=\"http:\/\/www.museum-fulda.de\">www.museum-fulda.de<\/a> oder unter Tel. 4800178 (V. K\u00fchnlein),  <a href=\"http:\/\/www.verenz.de\">www.verenz.de<\/a>.<\/p>\n","protected":false},"excerpt":{"rendered":"<div class=\"tmnf_excerpt\"><p>Fulda. (hm) Als Malgr\u00fcnde sind uns Leinw\u00e4nde und Malpapiere gel\u00e4ufig und vertraut. Packpapier kennen wir eher als Gebrauchsmaterial. In diesem Kunst-Workshop wird die K\u00fcnstlerin Verena K\u00fchnlein den Teilnehmern zeigen, wie attraktiv Malerei auf Packpapier sein kann. Durch die erdige Farbe, die Struktur und Beweglichkeit des Materials lassen sich beim Bemalen besonders reizvolle Effekte erzielen. Die &hellip;<\/p>\n<\/div>","protected":false},"author":1,"featured_media":0,"comment_status":"closed","ping_status":"closed","sticky":false,"template":"","format":"standard","meta":{"footnotes":""},"categories":[1],"tags":[],"class_list":["post-67527","post","type-post","status-publish","format-standard","hentry","category-startseite"],"_links":{"self":[{"href":"https:\/\/www.fuldaernachrichten.de\/index.php?rest_route=\/wp\/v2\/posts\/67527","targetHints":{"allow":["GET"]}}],"collection":[{"href":"https:\/\/www.fuldaernachrichten.de\/index.php?rest_route=\/wp\/v2\/posts"}],"about":[{"href":"https:\/\/www.fuldaernachrichten.de\/index.php?rest_route=\/wp\/v2\/types\/post"}],"author":[{"embeddable":true,"href":"https:\/\/www.fuldaernachrichten.de\/index.php?rest_route=\/wp\/v2\/users\/1"}],"replies":[{"embeddable":true,"href":"https:\/\/www.fuldaernachrichten.de\/index.php?rest_route=%2Fwp%2Fv2%2Fcomments&post=67527"}],"version-history":[{"count":4,"href":"https:\/\/www.fuldaernachrichten.de\/index.php?rest_route=\/wp\/v2\/posts\/67527\/revisions"}],"predecessor-version":[{"id":67639,"href":"https:\/\/www.fuldaernachrichten.de\/index.php?rest_route=\/wp\/v2\/posts\/67527\/revisions\/67639"}],"wp:attachment":[{"href":"https:\/\/www.fuldaernachrichten.de\/index.php?rest_route=%2Fwp%2Fv2%2Fmedia&parent=67527"}],"wp:term":[{"taxonomy":"category","embeddable":true,"href":"https:\/\/www.fuldaernachrichten.de\/index.php?rest_route=%2Fwp%2Fv2%2Fcategories&post=67527"},{"taxonomy":"post_tag","embeddable":true,"href":"https:\/\/www.fuldaernachrichten.de\/index.php?rest_route=%2Fwp%2Fv2%2Ftags&post=67527"}],"curies":[{"name":"wp","href":"https:\/\/api.w.org\/{rel}","templated":true}]}}