{"id":6752,"date":"2007-12-02T23:01:55","date_gmt":"2007-12-02T22:01:55","guid":{"rendered":"http:\/\/www.schoene-nachrichten.de\/?p=6752"},"modified":"2007-12-02T23:01:55","modified_gmt":"2007-12-02T22:01:55","slug":"katholische-klinikseelsorge-gestaltet-besonderen-adventskalender","status":"publish","type":"post","link":"https:\/\/www.fuldaernachrichten.de\/?p=6752","title":{"rendered":"Katholische Klinikseelsorge gestaltet besonderen Adventskalender"},"content":{"rendered":"<p><strong><a rel=\"lightbox[roadtrip]\" target=\"_blank\" href=\"http:\/\/www.schoene-nachrichten.de\/wp-content\/uploads\/2007\/12\/071202_regenbogen.jpg\" title=\"071202_regenbogen.jpg\"><img decoding=\"async\" align=\"left\" src=\"http:\/\/www.schoene-nachrichten.de\/wp-content\/uploads\/2007\/12\/071202_regenbogen.thumbnail.jpg\" hspace=\"5\" alt=\"071202_regenbogen.jpg\" \/><\/a>Sch\u00f6nes aus Hanau.<\/strong> Einen Adventskalender f\u00fcr die Kapelle im Klinikum Hanau haben ehrenamtliche Mitarbeiterinnen der Katholischen Klinikseelsorge zusammengestellt. In dem Kalender wurden\u00c2\u00a0Texte gesammelt, die sich f\u00fcr die Mitarbeiterinnen in verschiedenen Situationen bew\u00e4hrt haben. <!--more--><\/p>\n<p>Die Mitarbeiterinnen geh\u00f6ren zur \u00f6kumenischen Gruppe \u201eRegenbogen\u201c. Die Personen in dieser Gruppe haben einen lieben Menschen verloren, zumeist den Lebenspartner. Sie haben sich \u00fcber einen l\u00e4ngeren Zeitraum in ihrer Trauer gefunden, aber immer wieder in gemeinsamer Aktivit\u00e4t und im Dialog Wege aus ihrer Trauer gesucht. Hierzu geh\u00f6rt auch die Erarbeitung des Kalenders &#8211; vom N\u00e4hen der Grundlage (die den Altar zum Tr\u00e4ger des Adventskalenders macht) bis zur Auswahl der Texte, die gemeinsam ausgesucht und so gestaltet wurden, dass sie als Lesezeichen mitgenommen werden k\u00f6nnen.<\/p>\n<p>Der Kalender wurde im Rahmen eines Treffens rechtzeitig vor dem 1. Advent in der Kapelle am Altar angebracht. \u201eSich selber in den Spr\u00fcchen wieder finden\u201c, \u201eTrost und Halt in guten Gedanken\u201c, waren einige der Aussagen, die Pfarrer Werner Gutheil h\u00f6rte, als die Aktion durchgef\u00fchrt wurde. \u201eAnderen davon etwas mitgeben hilft mir, mich in meiner Situation nicht nur als Empfangende zu sehen, sondern auch etwas geben zu k\u00f6nnen\u201c, betonte eine Teilnehmerin beim Aufh\u00e4ngen des Kalenders.<\/p>\n<p>Der Kalender wird\u00c2\u00a0bis zum 24. Dezember in der Kapelle des Klinikums Hanau am Altar h\u00e4ngen. Er wurde gestaltet mit Stoffen des Gardinen- Fachgesch\u00e4ftes\u00c2\u00a0 Wehner aus Maintal \u2013 D\u00f6rnigheim, das seit langem die Gruppe unterst\u00fctzt, indem Materialien f\u00fcr ganz verschiedene Aktionen bereitgestellt werden. Die Texte k\u00f6nnen als Lesezeichen bis Weihnachten &#8211; und dar\u00fcber hinaus -\u00c2\u00a0genutzt werden.<\/p>\n<p>Aus diesen guten Gedanken wurde zudem ein \u201eLesezeichenkalender\u201c zusammengestellt, der in diesem Jahr als Weihnachtsgru\u00df der Katholischen Klinikseelsorge verteilt wird. Beim Aufbau des Kalenders wurde beil\u00e4ufig die Adventsgestaltung des Altars mitgemacht: ein Adventkranz und vier Engel, die die Kerzen den Menschen entgegenhalten. Wie viel eigene Hoffnung dahinter steckt, zeigt sich im Engagement der Frauen, die weder praktische und gestalterische M\u00fche scheuen.<\/p>\n<p>Sich im Tun Raum und Zeit f\u00fcr die eigene Trauer geben, war eines der wichtigsten Effekte dieser Aktion. Dass am Ende ein Adventskalender zustande kam, ist eigentlich nur ein Nebeneffekt, denn im gemeinsamen Tun, im Miteinander-Reden, auch \u00fcber die traurige Situation des Alleinseins, hilft, aus der Trauer herauszukommen, berichtet Klinikpfarrer Werner Gutheil.<\/p>\n<p>Die Gruppe Regenbogen sind Frauen, die aus ihrer Trauersituation heraus sich immer zu sozialen Aktivit\u00e4ten zusammenfinden. Die Katholische Klinikseelsorge gibt hierf\u00fcr Raum und hat zugleich viel Unterst\u00fctzung in ihrer Arbeit. Pfarrer Werner Gutheil, der neben seiner Klinikt\u00e4tigkeit auch Trauerarbeit in Hanau und dar\u00fcber hinaus anbietet, begleitet die Gruppe und steht f\u00fcr Einzelbegleitungen zur Verf\u00fcgung.<\/p>\n<p>Weitere Angebote f\u00fcr Trauernde k\u00f6nnen erfragt werden bei der Katholischen Klinikseelsorge Klinikum Hanau, Leimenstra\u00dfe 20, 63 450 Hanau, Tel. 06181- 296- 4580, Fax.: 06181- 296-4581.<\/p>\n<p>Das Trauerprogramm kann hier besondere donnerstags zwischen 10 und 12 Uhr telefonisch angefordert werden. In dieser Zeit\u00c2\u00a0 versehen ehrenamtlich Frauen aus der Gruppe Regenbogen den\u00c2\u00a0Telefondienst. Au\u00dferhalb dieser Zeit steht Pfarrer Werner Gutheil zur Verf\u00fcgung per E-Mail an <a href=\"mailto:wgutheil@t-online.de\">wgutheil@t-online.de<\/a><\/p>\n","protected":false},"excerpt":{"rendered":"<div class=\"tmnf_excerpt\"><p>Sch\u00f6nes aus Hanau. Einen Adventskalender f\u00fcr die Kapelle im Klinikum Hanau haben ehrenamtliche Mitarbeiterinnen der Katholischen Klinikseelsorge zusammengestellt. In dem Kalender wurden\u00c2\u00a0Texte gesammelt, die sich f\u00fcr die Mitarbeiterinnen in verschiedenen Situationen bew\u00e4hrt haben.<\/p>\n<\/div>","protected":false},"author":1,"featured_media":0,"comment_status":"closed","ping_status":"closed","sticky":false,"template":"","format":"standard","meta":{"footnotes":""},"categories":[1,50],"tags":[],"class_list":["post-6752","post","type-post","status-publish","format-standard","hentry","category-startseite","category-kirche"],"_links":{"self":[{"href":"https:\/\/www.fuldaernachrichten.de\/index.php?rest_route=\/wp\/v2\/posts\/6752","targetHints":{"allow":["GET"]}}],"collection":[{"href":"https:\/\/www.fuldaernachrichten.de\/index.php?rest_route=\/wp\/v2\/posts"}],"about":[{"href":"https:\/\/www.fuldaernachrichten.de\/index.php?rest_route=\/wp\/v2\/types\/post"}],"author":[{"embeddable":true,"href":"https:\/\/www.fuldaernachrichten.de\/index.php?rest_route=\/wp\/v2\/users\/1"}],"replies":[{"embeddable":true,"href":"https:\/\/www.fuldaernachrichten.de\/index.php?rest_route=%2Fwp%2Fv2%2Fcomments&post=6752"}],"version-history":[{"count":0,"href":"https:\/\/www.fuldaernachrichten.de\/index.php?rest_route=\/wp\/v2\/posts\/6752\/revisions"}],"wp:attachment":[{"href":"https:\/\/www.fuldaernachrichten.de\/index.php?rest_route=%2Fwp%2Fv2%2Fmedia&parent=6752"}],"wp:term":[{"taxonomy":"category","embeddable":true,"href":"https:\/\/www.fuldaernachrichten.de\/index.php?rest_route=%2Fwp%2Fv2%2Fcategories&post=6752"},{"taxonomy":"post_tag","embeddable":true,"href":"https:\/\/www.fuldaernachrichten.de\/index.php?rest_route=%2Fwp%2Fv2%2Ftags&post=6752"}],"curies":[{"name":"wp","href":"https:\/\/api.w.org\/{rel}","templated":true}]}}