{"id":67510,"date":"2010-08-23T00:38:30","date_gmt":"2010-08-22T22:38:30","guid":{"rendered":"http:\/\/www.fuldaer-nachrichten.de\/?p=67510"},"modified":"2010-08-23T08:39:04","modified_gmt":"2010-08-23T06:39:04","slug":"minister-posch-traegt-sich-in-das-goldene-buch-der-gemeinde-grossenlueder-ein","status":"publish","type":"post","link":"https:\/\/www.fuldaernachrichten.de\/?p=67510","title":{"rendered":"Minister Posch tr\u00e4gt sich in das Goldene Buch der Gemeinde Gro\u00dfenl\u00fcder ein"},"content":{"rendered":"<p><a href=\"http:\/\/www.fuldaer-nachrichten.de\/wp-content\/uploads\/2010\/08\/100821_glgoldenesbuch.jpg\"><img decoding=\"async\" class=\"alignleft size-medium wp-image-67513\" src=\"http:\/\/www.fuldaer-nachrichten.de\/wp-content\/uploads\/2010\/08\/100821_glgoldenesbuch-265x171.jpg\" alt=\"\" width=\"265\" height=\"171\" srcset=\"https:\/\/www.fuldaernachrichten.de\/wp-content\/uploads\/2010\/08\/100821_glgoldenesbuch-265x171.jpg 265w, https:\/\/www.fuldaernachrichten.de\/wp-content\/uploads\/2010\/08\/100821_glgoldenesbuch.jpg 592w\" sizes=\"(max-width: 265px) 100vw, 265px\" \/><\/a><strong>Gro\u00dfenl\u00fcder. <\/strong>Auf Initiative von B\u00fcrgermeister Werner Dietrich hat die Gemeinde Gro\u00dfenl\u00fcder nun ein \u201eGoldenes Buch\u201c f\u00fcr besondere G\u00e4ste und besondere Anl\u00e4sse. Als erster Unterzeichner verewigte sich Staatsminister Dieter Posch im neuen Goldenen Buch der Gemeinde Gro\u00dfenl\u00fcder. Der Hessische Minister f\u00fcr Wirtschaft, Verkehr und Landesentwicklung war zur \u00dcbergabe des Anerkennungsbescheides im Dorferneuerungsprogramm an Eichenau und Gro\u00dfenl\u00fcder nach Gro\u00dfenl\u00fcder gekommen. B\u00fcrgermeister Werner Dietrich nutzte die Gelegenheit, den Gast aus Wiesbaden signieren zu lassen. Ebenfalls trug sich Landtagsabgeordneter Dr. Walter Arnold in das Goldene Buch ein.<\/p>\n","protected":false},"excerpt":{"rendered":"<div class=\"tmnf_excerpt\"><p>Gro\u00dfenl\u00fcder. Auf Initiative von B\u00fcrgermeister Werner Dietrich hat die Gemeinde Gro\u00dfenl\u00fcder nun ein \u201eGoldenes Buch\u201c f\u00fcr besondere G\u00e4ste und besondere Anl\u00e4sse. Als erster Unterzeichner verewigte sich Staatsminister Dieter Posch im neuen Goldenen Buch der Gemeinde Gro\u00dfenl\u00fcder. Der Hessische Minister f\u00fcr Wirtschaft, Verkehr und Landesentwicklung war zur \u00dcbergabe des Anerkennungsbescheides im Dorferneuerungsprogramm an Eichenau und Gro\u00dfenl\u00fcder &hellip;<\/p>\n<\/div>","protected":false},"author":1,"featured_media":0,"comment_status":"closed","ping_status":"closed","sticky":false,"template":"","format":"standard","meta":{"footnotes":""},"categories":[1,29],"tags":[],"class_list":["post-67510","post","type-post","status-publish","format-standard","hentry","category-startseite","category-politik"],"_links":{"self":[{"href":"https:\/\/www.fuldaernachrichten.de\/index.php?rest_route=\/wp\/v2\/posts\/67510","targetHints":{"allow":["GET"]}}],"collection":[{"href":"https:\/\/www.fuldaernachrichten.de\/index.php?rest_route=\/wp\/v2\/posts"}],"about":[{"href":"https:\/\/www.fuldaernachrichten.de\/index.php?rest_route=\/wp\/v2\/types\/post"}],"author":[{"embeddable":true,"href":"https:\/\/www.fuldaernachrichten.de\/index.php?rest_route=\/wp\/v2\/users\/1"}],"replies":[{"embeddable":true,"href":"https:\/\/www.fuldaernachrichten.de\/index.php?rest_route=%2Fwp%2Fv2%2Fcomments&post=67510"}],"version-history":[{"count":3,"href":"https:\/\/www.fuldaernachrichten.de\/index.php?rest_route=\/wp\/v2\/posts\/67510\/revisions"}],"predecessor-version":[{"id":67636,"href":"https:\/\/www.fuldaernachrichten.de\/index.php?rest_route=\/wp\/v2\/posts\/67510\/revisions\/67636"}],"wp:attachment":[{"href":"https:\/\/www.fuldaernachrichten.de\/index.php?rest_route=%2Fwp%2Fv2%2Fmedia&parent=67510"}],"wp:term":[{"taxonomy":"category","embeddable":true,"href":"https:\/\/www.fuldaernachrichten.de\/index.php?rest_route=%2Fwp%2Fv2%2Fcategories&post=67510"},{"taxonomy":"post_tag","embeddable":true,"href":"https:\/\/www.fuldaernachrichten.de\/index.php?rest_route=%2Fwp%2Fv2%2Ftags&post=67510"}],"curies":[{"name":"wp","href":"https:\/\/api.w.org\/{rel}","templated":true}]}}