{"id":67468,"date":"2010-08-20T02:57:16","date_gmt":"2010-08-20T00:57:16","guid":{"rendered":"http:\/\/www.fuldaer-nachrichten.de\/?p=67468"},"modified":"2010-08-20T07:57:31","modified_gmt":"2010-08-20T05:57:31","slug":"tosender-applaus-und-strahlende-kindergesichter-premierenfeier-zum-diesjaehrigen-kinderkrimi","status":"publish","type":"post","link":"https:\/\/www.fuldaernachrichten.de\/?p=67468","title":{"rendered":"Tosender Applaus und strahlende Kindergesichter &#8211; Premierenfeier zum diesj\u00e4hrigen Kinderkrimi"},"content":{"rendered":"<p><strong><a href=\"http:\/\/www.fuldaer-nachrichten.de\/wp-content\/uploads\/2010\/08\/100819_Kinder.jpg\"><img decoding=\"async\" class=\"alignleft size-thumbnail wp-image-67469\" title=\"100819_Kinder\" src=\"http:\/\/www.fuldaer-nachrichten.de\/wp-content\/uploads\/2010\/08\/100819_Kinder-265x187.jpg\" alt=\"\" width=\"265\" height=\"187\" srcset=\"https:\/\/www.fuldaernachrichten.de\/wp-content\/uploads\/2010\/08\/100819_Kinder-265x187.jpg 265w, https:\/\/www.fuldaernachrichten.de\/wp-content\/uploads\/2010\/08\/100819_Kinder.jpg 592w\" sizes=\"(max-width: 265px) 100vw, 265px\" \/><\/a>Fulda<\/strong>. \u00dcber den obligatorischen roten Teppich und unter tosendem Applaus zogen 15 junge Schauspieler im Alter zwischen acht und 14 Jahren anl\u00e4sslich der Premiere des diesj\u00e4hrigen Kinderkrimis \u201eDie Rabanusbande und die Papiermafia\u201c in den H\u00f6rsaal des Bildungsunternehmens Dr. Jordan ein, um den 35-min\u00fctigen Film vor rund 100 Verwandten, Freunden und Bekannten zu pr\u00e4sentieren. Eine Woche lang hatten die jungen Schauspieler jeden Tag unter professioneller Anleitung durch Regisseur und Schauspieler Christof Rath, dem Medienp\u00e4dagogen Felix Rudolf-von Niebelsch\u00fctz und der Drehbuchautorin Marianne Blum an verschiedenen Drehorten in Fulda den Kriminalfilm abgedreht. Beim Blick hinter die Kulissen wurde deutlich, dass die junge Schauspielertruppe von Tag zu Tag gr\u00f6\u00dfere Fortschritte machte und schnell Gefallen an der neuen Herausforderung fand. Dieser Aspekt war auch Dr. Lothar Jordan, Inhaber und Direktor des gleichnamigen Bildungsunternehmens, bewusst: Er lobte die Akteure f\u00fcr deren Engagement und dankte insbesondere der DSPO GmbH, die an diesem Abend vertreten war durch Mitarbeiterin Heike Schleicher.<!--more--><\/p>\n<p>In seiner Begr\u00fc\u00dfung betonte Christof Rath, dass in diesem Jahr erneut viele junge Schauspieltalente entdeckt werden konnten und schloss bei einigen eine entsprechende sp\u00e4tere Laufbahn auf den Brettern, die die Welt bedeuten, nicht aus. Der spannende Kinderkrimi, der die Lachmuskeln der Zuschauer eins ums andere Mal strapazierte, wird in K\u00fcrze im Offenen Kanal zu sehen sein. Die Handlung basiert auf dem aktuellen Thema \u201eGefahren im Internet\u201c: So lernt ein M\u00e4dchen einen augenscheinlich \u201ecoolen\u201c jungen Mann kennen, der sie jedoch sp\u00e4ter entf\u00fchrt. Dank der \u201eRabanusbande\u201c kann sie gerettet und der T\u00e4ter \u00fcberf\u00fchrt werden. Aufgrund des erneuten Erfolgs des Kinderkrimis schlie\u00dfen die Verantwortlichen eine Fortsetzung im kommenden Jahr nicht aus.<\/p>\n","protected":false},"excerpt":{"rendered":"<div class=\"tmnf_excerpt\"><p>Fulda. \u00dcber den obligatorischen roten Teppich und unter tosendem Applaus zogen 15 junge Schauspieler im Alter zwischen acht und 14 Jahren anl\u00e4sslich der Premiere des diesj\u00e4hrigen Kinderkrimis \u201eDie Rabanusbande und die Papiermafia\u201c in den H\u00f6rsaal des Bildungsunternehmens Dr. Jordan ein, um den 35-min\u00fctigen Film vor rund 100 Verwandten, Freunden und Bekannten zu pr\u00e4sentieren. Eine Woche &hellip;<\/p>\n<\/div>","protected":false},"author":1,"featured_media":0,"comment_status":"closed","ping_status":"closed","sticky":false,"template":"","format":"standard","meta":{"footnotes":""},"categories":[1],"tags":[],"class_list":["post-67468","post","type-post","status-publish","format-standard","hentry","category-startseite"],"_links":{"self":[{"href":"https:\/\/www.fuldaernachrichten.de\/index.php?rest_route=\/wp\/v2\/posts\/67468","targetHints":{"allow":["GET"]}}],"collection":[{"href":"https:\/\/www.fuldaernachrichten.de\/index.php?rest_route=\/wp\/v2\/posts"}],"about":[{"href":"https:\/\/www.fuldaernachrichten.de\/index.php?rest_route=\/wp\/v2\/types\/post"}],"author":[{"embeddable":true,"href":"https:\/\/www.fuldaernachrichten.de\/index.php?rest_route=\/wp\/v2\/users\/1"}],"replies":[{"embeddable":true,"href":"https:\/\/www.fuldaernachrichten.de\/index.php?rest_route=%2Fwp%2Fv2%2Fcomments&post=67468"}],"version-history":[{"count":2,"href":"https:\/\/www.fuldaernachrichten.de\/index.php?rest_route=\/wp\/v2\/posts\/67468\/revisions"}],"predecessor-version":[{"id":67474,"href":"https:\/\/www.fuldaernachrichten.de\/index.php?rest_route=\/wp\/v2\/posts\/67468\/revisions\/67474"}],"wp:attachment":[{"href":"https:\/\/www.fuldaernachrichten.de\/index.php?rest_route=%2Fwp%2Fv2%2Fmedia&parent=67468"}],"wp:term":[{"taxonomy":"category","embeddable":true,"href":"https:\/\/www.fuldaernachrichten.de\/index.php?rest_route=%2Fwp%2Fv2%2Fcategories&post=67468"},{"taxonomy":"post_tag","embeddable":true,"href":"https:\/\/www.fuldaernachrichten.de\/index.php?rest_route=%2Fwp%2Fv2%2Ftags&post=67468"}],"curies":[{"name":"wp","href":"https:\/\/api.w.org\/{rel}","templated":true}]}}