{"id":67451,"date":"2010-08-21T02:39:21","date_gmt":"2010-08-21T00:39:21","guid":{"rendered":"http:\/\/www.fuldaer-nachrichten.de\/?p=67451"},"modified":"2010-08-21T08:39:52","modified_gmt":"2010-08-21T06:39:52","slug":"brillant-in-der-betrachtung-der-gesellschaftlichen-realitaet-django-asuel-in-kulturkessel","status":"publish","type":"post","link":"https:\/\/www.fuldaernachrichten.de\/?p=67451","title":{"rendered":"Brillant in der Betrachtung der gesellschaftlichen Realit\u00e4t &#8211; Django As\u00fcl in Kulturkessel"},"content":{"rendered":"<p><strong><a href=\"http:\/\/www.fuldaer-nachrichten.de\/wp-content\/uploads\/2010\/08\/100819_DjangoAs\u00fcl.jpg\"><img fetchpriority=\"high\" decoding=\"async\" class=\"alignleft size-thumbnail wp-image-67452\" title=\"100819_DjangoAs\u00fcl\" src=\"http:\/\/www.fuldaer-nachrichten.de\/wp-content\/uploads\/2010\/08\/100819_DjangoAs\u00fcl-265x397.jpg\" alt=\"\" width=\"265\" height=\"397\" \/><\/a>Fulda. <\/strong>W\u00e4re Django As\u00fcl nicht schon der K\u00fcnstlername von Ugur Bagislayici, dann m\u00fcsste man ihn erfinden. Denn keiner w\u00fcrde besser passen zu dem Kabarettisten, der im tiefsten Niederbayern geboren wurde, jedoch einen t\u00fcrkischen Pass besitzt. Mitte der Neunziger begann Django As\u00fcl, sich in M\u00fcnchen und Umgebung einen Namen als Kabarettist zu machen. Mittlerweile ist Django As\u00fcl in ganz Deutschland bekannt und beliebt und aus dem Fernsehen nicht mehr wegzudenken. Django As\u00fcl wei\u00df es gleicherma\u00dfen die t\u00fcrkische, sowie die deutsche \u2013 speziell die bayrische \u2013 Seele zu sezieren. Im tiefsten Bayrisch pr\u00e4sentiert Django As\u00fcl auf der B\u00fchne seinen tiefschwarzen und doppelz\u00fcngigen Humor. Sport, Kultur, Politik \u2013 Django As\u00fcls Programme umfassen alle Themen. Und dabei ist keiner so brillant in der Betrachtung der gesellschaftlichen Realit\u00e4t wie Django As\u00fcl. Das beweist er erneut mit seinem vierten Programm \u201eFragil\u201c.<\/p>\n<p><strong>Django As\u00fcl<\/strong><\/p>\n<p>Samstag, 18.09.2010<br \/>\nKulturkessel, 20:00 Uhr<br \/>\nEinlass: 19:30 Uhr<br \/>\nVVK: 18,60 \u00e2\u201a\u00ac inkl. Geb\u00fchren<br \/>\nAK: 20,- \u00e2\u201a\u00ac<\/p>\n","protected":false},"excerpt":{"rendered":"<div class=\"tmnf_excerpt\"><p>Fulda. W\u00e4re Django As\u00fcl nicht schon der K\u00fcnstlername von Ugur Bagislayici, dann m\u00fcsste man ihn erfinden. Denn keiner w\u00fcrde besser passen zu dem Kabarettisten, der im tiefsten Niederbayern geboren wurde, jedoch einen t\u00fcrkischen Pass besitzt. Mitte der Neunziger begann Django As\u00fcl, sich in M\u00fcnchen und Umgebung einen Namen als Kabarettist zu machen. Mittlerweile ist Django &hellip;<\/p>\n<\/div>","protected":false},"author":1,"featured_media":0,"comment_status":"closed","ping_status":"closed","sticky":false,"template":"","format":"standard","meta":{"footnotes":""},"categories":[1,44],"tags":[],"class_list":["post-67451","post","type-post","status-publish","format-standard","hentry","category-startseite","category-kultur"],"_links":{"self":[{"href":"https:\/\/www.fuldaernachrichten.de\/index.php?rest_route=\/wp\/v2\/posts\/67451","targetHints":{"allow":["GET"]}}],"collection":[{"href":"https:\/\/www.fuldaernachrichten.de\/index.php?rest_route=\/wp\/v2\/posts"}],"about":[{"href":"https:\/\/www.fuldaernachrichten.de\/index.php?rest_route=\/wp\/v2\/types\/post"}],"author":[{"embeddable":true,"href":"https:\/\/www.fuldaernachrichten.de\/index.php?rest_route=\/wp\/v2\/users\/1"}],"replies":[{"embeddable":true,"href":"https:\/\/www.fuldaernachrichten.de\/index.php?rest_route=%2Fwp%2Fv2%2Fcomments&post=67451"}],"version-history":[{"count":6,"href":"https:\/\/www.fuldaernachrichten.de\/index.php?rest_route=\/wp\/v2\/posts\/67451\/revisions"}],"predecessor-version":[{"id":67494,"href":"https:\/\/www.fuldaernachrichten.de\/index.php?rest_route=\/wp\/v2\/posts\/67451\/revisions\/67494"}],"wp:attachment":[{"href":"https:\/\/www.fuldaernachrichten.de\/index.php?rest_route=%2Fwp%2Fv2%2Fmedia&parent=67451"}],"wp:term":[{"taxonomy":"category","embeddable":true,"href":"https:\/\/www.fuldaernachrichten.de\/index.php?rest_route=%2Fwp%2Fv2%2Fcategories&post=67451"},{"taxonomy":"post_tag","embeddable":true,"href":"https:\/\/www.fuldaernachrichten.de\/index.php?rest_route=%2Fwp%2Fv2%2Ftags&post=67451"}],"curies":[{"name":"wp","href":"https:\/\/api.w.org\/{rel}","templated":true}]}}