{"id":67448,"date":"2010-08-20T02:03:12","date_gmt":"2010-08-20T00:03:12","guid":{"rendered":"http:\/\/www.fuldaer-nachrichten.de\/?p=67448"},"modified":"2010-08-20T08:03:52","modified_gmt":"2010-08-20T06:03:52","slug":"culcha-candela-support-martin-jondo-band-und-chefket-am-29-august-im-schlosshof","status":"publish","type":"post","link":"https:\/\/www.fuldaernachrichten.de\/?p=67448","title":{"rendered":"Culcha Candela &#8211; Support: Martin Jondo &#038; Band und Chefket  &#8211; am 29. August im Schlosshof"},"content":{"rendered":"<p><strong><a href=\"http:\/\/www.fuldaer-nachrichten.de\/wp-content\/uploads\/2010\/08\/100819_CulchaCandela.jpg\"><img decoding=\"async\" class=\"alignleft size-thumbnail wp-image-67449\" title=\"100819_CulchaCandela\" src=\"http:\/\/www.fuldaer-nachrichten.de\/wp-content\/uploads\/2010\/08\/100819_CulchaCandela-265x176.jpg\" alt=\"\" width=\"265\" height=\"176\" srcset=\"https:\/\/www.fuldaernachrichten.de\/wp-content\/uploads\/2010\/08\/100819_CulchaCandela-265x176.jpg 265w, https:\/\/www.fuldaernachrichten.de\/wp-content\/uploads\/2010\/08\/100819_CulchaCandela.jpg 592w\" sizes=\"(max-width: 265px) 100vw, 265px\" \/><\/a>Fulda. <\/strong>Es ist wieder Zeit f\u00fcr die glorreichen Sieben aus Berlin, Deutschland mit ihrem unverwechselbaren Sound, ihren ausgefeilten B\u00fchnenshows und brandneuen Hits zu versorgen! Mitten aus dem Herzen der Hauptstadt, mitten rein ins pralle Leben. Auf ihrem neuen Album \u201eSch\u00f6ne Neue Welt\u201c haben sich Larsito, Itchyban, Mr.Reedoo, Don Cali, Lafrotino, Johnny Strange und DJ Chino erneut von der so einmaligen \u201eCulcha Candela\u201c-Flamme entz\u00fcnden lassen und entfachen spielend und spielerisch ein Feuerwerk, das Tanzfl\u00e4chen, Konzerthallen und Herzen gleicherma\u00dfen zum Leuchten bringen wird.<!--more--><strong><\/strong><\/p>\n<p><strong>Culcha Candela<\/strong><\/p>\n<p>Sonntag, 29.08.2010<br \/>\nEinlass: 17:30 Uhr<br \/>\nBeginn: 18:30 Uhr<br \/>\nSchlosshof Fulda<br \/>\nVVK: 27,40 \u00e2\u201a\u00ac inkl. Geb\u00fchren<br \/>\nAK: 30,- \u00e2\u201a\u00ac<\/p>\n","protected":false},"excerpt":{"rendered":"<div class=\"tmnf_excerpt\"><p>Fulda. Es ist wieder Zeit f\u00fcr die glorreichen Sieben aus Berlin, Deutschland mit ihrem unverwechselbaren Sound, ihren ausgefeilten B\u00fchnenshows und brandneuen Hits zu versorgen! Mitten aus dem Herzen der Hauptstadt, mitten rein ins pralle Leben. Auf ihrem neuen Album \u201eSch\u00f6ne Neue Welt\u201c haben sich Larsito, Itchyban, Mr.Reedoo, Don Cali, Lafrotino, Johnny Strange und DJ Chino &hellip;<\/p>\n<\/div>","protected":false},"author":1,"featured_media":0,"comment_status":"closed","ping_status":"closed","sticky":false,"template":"","format":"standard","meta":{"footnotes":""},"categories":[1,44],"tags":[],"class_list":["post-67448","post","type-post","status-publish","format-standard","hentry","category-startseite","category-kultur"],"_links":{"self":[{"href":"https:\/\/www.fuldaernachrichten.de\/index.php?rest_route=\/wp\/v2\/posts\/67448","targetHints":{"allow":["GET"]}}],"collection":[{"href":"https:\/\/www.fuldaernachrichten.de\/index.php?rest_route=\/wp\/v2\/posts"}],"about":[{"href":"https:\/\/www.fuldaernachrichten.de\/index.php?rest_route=\/wp\/v2\/types\/post"}],"author":[{"embeddable":true,"href":"https:\/\/www.fuldaernachrichten.de\/index.php?rest_route=\/wp\/v2\/users\/1"}],"replies":[{"embeddable":true,"href":"https:\/\/www.fuldaernachrichten.de\/index.php?rest_route=%2Fwp%2Fv2%2Fcomments&post=67448"}],"version-history":[{"count":2,"href":"https:\/\/www.fuldaernachrichten.de\/index.php?rest_route=\/wp\/v2\/posts\/67448\/revisions"}],"predecessor-version":[{"id":67484,"href":"https:\/\/www.fuldaernachrichten.de\/index.php?rest_route=\/wp\/v2\/posts\/67448\/revisions\/67484"}],"wp:attachment":[{"href":"https:\/\/www.fuldaernachrichten.de\/index.php?rest_route=%2Fwp%2Fv2%2Fmedia&parent=67448"}],"wp:term":[{"taxonomy":"category","embeddable":true,"href":"https:\/\/www.fuldaernachrichten.de\/index.php?rest_route=%2Fwp%2Fv2%2Fcategories&post=67448"},{"taxonomy":"post_tag","embeddable":true,"href":"https:\/\/www.fuldaernachrichten.de\/index.php?rest_route=%2Fwp%2Fv2%2Ftags&post=67448"}],"curies":[{"name":"wp","href":"https:\/\/api.w.org\/{rel}","templated":true}]}}