{"id":67440,"date":"2010-08-20T01:58:12","date_gmt":"2010-08-19T23:58:12","guid":{"rendered":"http:\/\/www.fuldaer-nachrichten.de\/?p=67440"},"modified":"2010-08-20T07:59:12","modified_gmt":"2010-08-20T05:59:12","slug":"ausgebuchte-vortragsveranstaltung-beim-hkp-dienst-in-kuenzell","status":"publish","type":"post","link":"https:\/\/www.fuldaernachrichten.de\/?p=67440","title":{"rendered":"Ausgebuchte Vortragsveranstaltung beim HKP-Dienst in K\u00fcnzell"},"content":{"rendered":"<p><strong>Fulda. <\/strong>Vor vollbesetztem Saal referierte am Mittwochabend der Fuldaer Rechtsanwalt Marc-Thilo M\u00fcller zu den Themen \u201ePatientenverf\u00fcgung, Vorsorgevollmacht und Betreuungsverf\u00fcgung\u201c. \u201eSchon am vergangenen Montag war der Vortrag komplett ausgebucht bis auf den letzten Sitzplatz\u201c, so Renate Klewitz, die f\u00fcr den ambulanten Pflegedienst \u201eHKP\u201c in K\u00fcnzell am Park das Vortragsprogramm organisiert. \u201eDas spricht f\u00fcr die Aktualit\u00e4t und Wichtigkeit des Themas\u201c, erg\u00e4nzte der Rechtsanwalt Marc-Thilo M\u00fcller.<!--more--><\/p>\n<p>Ein selbstbestimmtes Leben zu f\u00fchren ist Wunsch und Recht eines jeden Menschen. Dies gilt insbesondere auch f\u00fcr den Fall einer Erkrankung und die Phase des Lebensendes. Der Gesetzgeber hat in den vergangenen Jahrzehnten einiges daf\u00fcr getan, dem Einzelnen so viel Selbstbestimmung wie m\u00f6glich zu erhalten, auch wenn dieser in seinen M\u00f6glichkeiten z.B. durch Krankheit oder Altersabbau eingeschr\u00e4nkt ist. Der Vortrag\u00c2\u00a0 gab einen \u00dcberblick, wie auf Entscheidungen im Vorfeld Einfluss genommen werden kann. Die Begrifflichkeiten und die rechtlichen Grunds\u00e4tze wurden dabei ebenso er\u00f6rtert, wie die praktischen Notwendigkeiten, die bei der Erstellung einer Patientenverf\u00fcgung, Vorsorgevollmacht oder Betreuungsverf\u00fcgung zu beachten sind.<\/p>\n<p>In der anschlie\u00dfenden regen Diskussion beantwortete Rechtsanwalt M\u00fcller sachkundig und kompetent viele Fragen der Zuh\u00f6rer. Bei Fragen zum Thema kann man sich zum einen an den Rechtsanwalt Marc-Thilo M\u00fcller (<a href=\"http:\/\/www.kanzlei-am-kronhof.de\" target=\"_blank\">www.kanzlei-am-kronhof.de<\/a>) oder den HKP-Dienst H\u00e4usliche Krankenpflege GmbH in K\u00fcnzell (<a href=\"http:\/\/www.hkp-dienst.de\" target=\"_blank\">www.hkp-dienst.de<\/a>) wenden. Auf der Internetseite des Pflegedienstes kann man sich auch \u00fcber die weiteren kostenlosen Vortragsveranstaltungen informieren.<\/p>\n","protected":false},"excerpt":{"rendered":"<div class=\"tmnf_excerpt\"><p>Fulda. Vor vollbesetztem Saal referierte am Mittwochabend der Fuldaer Rechtsanwalt Marc-Thilo M\u00fcller zu den Themen \u201ePatientenverf\u00fcgung, Vorsorgevollmacht und Betreuungsverf\u00fcgung\u201c. \u201eSchon am vergangenen Montag war der Vortrag komplett ausgebucht bis auf den letzten Sitzplatz\u201c, so Renate Klewitz, die f\u00fcr den ambulanten Pflegedienst \u201eHKP\u201c in K\u00fcnzell am Park das Vortragsprogramm organisiert. \u201eDas spricht f\u00fcr die Aktualit\u00e4t und &hellip;<\/p>\n<\/div>","protected":false},"author":1,"featured_media":0,"comment_status":"closed","ping_status":"closed","sticky":false,"template":"","format":"standard","meta":{"footnotes":""},"categories":[1],"tags":[],"class_list":["post-67440","post","type-post","status-publish","format-standard","hentry","category-startseite"],"_links":{"self":[{"href":"https:\/\/www.fuldaernachrichten.de\/index.php?rest_route=\/wp\/v2\/posts\/67440","targetHints":{"allow":["GET"]}}],"collection":[{"href":"https:\/\/www.fuldaernachrichten.de\/index.php?rest_route=\/wp\/v2\/posts"}],"about":[{"href":"https:\/\/www.fuldaernachrichten.de\/index.php?rest_route=\/wp\/v2\/types\/post"}],"author":[{"embeddable":true,"href":"https:\/\/www.fuldaernachrichten.de\/index.php?rest_route=\/wp\/v2\/users\/1"}],"replies":[{"embeddable":true,"href":"https:\/\/www.fuldaernachrichten.de\/index.php?rest_route=%2Fwp%2Fv2%2Fcomments&post=67440"}],"version-history":[{"count":2,"href":"https:\/\/www.fuldaernachrichten.de\/index.php?rest_route=\/wp\/v2\/posts\/67440\/revisions"}],"predecessor-version":[{"id":67476,"href":"https:\/\/www.fuldaernachrichten.de\/index.php?rest_route=\/wp\/v2\/posts\/67440\/revisions\/67476"}],"wp:attachment":[{"href":"https:\/\/www.fuldaernachrichten.de\/index.php?rest_route=%2Fwp%2Fv2%2Fmedia&parent=67440"}],"wp:term":[{"taxonomy":"category","embeddable":true,"href":"https:\/\/www.fuldaernachrichten.de\/index.php?rest_route=%2Fwp%2Fv2%2Fcategories&post=67440"},{"taxonomy":"post_tag","embeddable":true,"href":"https:\/\/www.fuldaernachrichten.de\/index.php?rest_route=%2Fwp%2Fv2%2Ftags&post=67440"}],"curies":[{"name":"wp","href":"https:\/\/api.w.org\/{rel}","templated":true}]}}