{"id":67433,"date":"2010-08-20T01:56:33","date_gmt":"2010-08-19T23:56:33","guid":{"rendered":"http:\/\/www.fuldaer-nachrichten.de\/?p=67433"},"modified":"2010-08-20T07:57:07","modified_gmt":"2010-08-20T05:57:07","slug":"die-nacht-der-guten-weine-am-17-september-auch-in-fulda","status":"publish","type":"post","link":"https:\/\/www.fuldaernachrichten.de\/?p=67433","title":{"rendered":"\u201eDie Nacht der guten Weine\u201c &#8211;  am 17. September auch in Fulda"},"content":{"rendered":"<p><strong><a href=\"http:\/\/www.fuldaer-nachrichten.de\/wp-content\/uploads\/2010\/08\/100819_Weinfest.jpg\"><img decoding=\"async\" class=\"alignleft size-thumbnail wp-image-67434\" title=\"100819_Weinfest\" src=\"http:\/\/www.fuldaer-nachrichten.de\/wp-content\/uploads\/2010\/08\/100819_Weinfest-265x176.jpg\" alt=\"\" width=\"265\" height=\"176\" srcset=\"https:\/\/www.fuldaernachrichten.de\/wp-content\/uploads\/2010\/08\/100819_Weinfest-265x176.jpg 265w, https:\/\/www.fuldaernachrichten.de\/wp-content\/uploads\/2010\/08\/100819_Weinfest.jpg 592w\" sizes=\"(max-width: 265px) 100vw, 265px\" \/><\/a>Wiesbaden.<\/strong> Rund 40.000 Weinfreunde in ganz Deutschland feierten ein rauschendes Fest. Das war im Hebst 2009. Jetzt wird nachgeschenkt. Denn: \u201eDie Nacht der guten Weine\u201c kommt wieder. Am 17. September 2010 geht die in 2009 mit gro\u00dfem Erfolg gestartete Veranstaltung in die zweite Runde. In gro\u00dfen St\u00e4dten, kleinen Gemeinden und \u00fcberall in ganz Deutschland l\u00e4dt der Weinfachhandel zum Aktionstag ein. Auch in Fulda wird kr\u00e4ftig gefeiert. Der gro\u00dfe Tag, der eigentliche eine Nacht ist, baut dem Wein eine B\u00fchne. B\u00fchnenbauer \u00c2\u00a0sind die Weinfachh\u00e4ndler. Am 17. September machen sie ihre T\u00fcren ganz weit auf und laden zum Mitfeiern ein. \u00dcber 350 verschiedene Veranstaltungen wurden in 2009 realisiert. Und diesmal sollen es noch viele mehr werden. <!--more--><\/p>\n<p><strong> <\/strong><\/p>\n<p><strong>Abendstund\u00e2\u20ac\u02dc hat Wein im Mund. Und so feiern die Fuldaer Weinnasen <\/strong><\/p>\n<p>Wegen des gro\u00dfen Erfolgs bei der Premiere macht das Team rund um Jupp Hahner auch diesmal wieder mit und baut am Gem\u00fcsemarkt eine kleine Zeltstadt im Lounge-Stil auf. Drinnen und drau\u00dfen dreht sich alles nur um ein Thema: Wein! Es gibt Livemusik und auch die Prominenz ist eingeladen. Diesmal d\u00fcrfen sich die stadtbekannten Gr\u00f6\u00dfen in einem Flaschen-Abf\u00fcll-Wettbewerb mit den G\u00e4sten messen. Das Vinum Weindepot in der K\u00f6nigstra\u00dfe bietet ein Gew\u00f6lbemen\u00fc an und l\u00e4sst Musiker dazu aufspielen. Jackques Weindepot lockt mit einer Weinprobe f\u00fcr Nachtschw\u00e4rmer, und in Fuldas Galerie der feinen Weine Am Lutherplatz werden Bio-Produkte aus der Rh\u00f6ner H\u00f6henlandwirtschaft auf ihre &#8220;Kompatibilit\u00e4t&#8221; zu hessischen Spitzenweinen getestet.<\/p>\n<p>Ein gro\u00dfer Fotowettbewerb mit wertvollen Reise- und Sachpreisen lockt zum Mitmachen. Hauptgewinn ist eine Weinreise nach Spanien f\u00fcr zwei Personen. Ideengeber und Initiatoren sind der GEV &#8211; Gro\u00dfeinkaufsverband des Wein- und Spirituosenhandels Wein-Gro\u00dfeinkaufs-GmbH &amp; Co. KG und die Fachzeitschrift Weinwirtschaft. Gemeinsam hatte man die Idee in den Fachhandel hinein getragen. Sie wurde begeistert aufgenommen \u2013 von den H\u00e4ndlern und ihren G\u00e4sten.<\/p>\n<p>F\u00fcr weitere \u00dcberraschungen ist gesorgt, denn alle H\u00e4ndler, die  mitmachen, sind dazu aufgerufen, ihre ganz pers\u00f6nliche Weinnacht zu  gestalten. Informationen \u00fcber alle Veranstaltungen gibt\u00e2\u20ac\u2122s im Internet  unter <a href=\"http:\/\/www.dienachtdergutenweine.de\/\">www.dienachtdergutenweine.de<\/a>.<\/p>\n","protected":false},"excerpt":{"rendered":"<div class=\"tmnf_excerpt\"><p>Wiesbaden. Rund 40.000 Weinfreunde in ganz Deutschland feierten ein rauschendes Fest. Das war im Hebst 2009. Jetzt wird nachgeschenkt. Denn: \u201eDie Nacht der guten Weine\u201c kommt wieder. Am 17. September 2010 geht die in 2009 mit gro\u00dfem Erfolg gestartete Veranstaltung in die zweite Runde. In gro\u00dfen St\u00e4dten, kleinen Gemeinden und \u00fcberall in ganz Deutschland l\u00e4dt &hellip;<\/p>\n<\/div>","protected":false},"author":1,"featured_media":0,"comment_status":"closed","ping_status":"closed","sticky":false,"template":"","format":"standard","meta":{"footnotes":""},"categories":[1],"tags":[],"class_list":["post-67433","post","type-post","status-publish","format-standard","hentry","category-startseite"],"_links":{"self":[{"href":"https:\/\/www.fuldaernachrichten.de\/index.php?rest_route=\/wp\/v2\/posts\/67433","targetHints":{"allow":["GET"]}}],"collection":[{"href":"https:\/\/www.fuldaernachrichten.de\/index.php?rest_route=\/wp\/v2\/posts"}],"about":[{"href":"https:\/\/www.fuldaernachrichten.de\/index.php?rest_route=\/wp\/v2\/types\/post"}],"author":[{"embeddable":true,"href":"https:\/\/www.fuldaernachrichten.de\/index.php?rest_route=\/wp\/v2\/users\/1"}],"replies":[{"embeddable":true,"href":"https:\/\/www.fuldaernachrichten.de\/index.php?rest_route=%2Fwp%2Fv2%2Fcomments&post=67433"}],"version-history":[{"count":2,"href":"https:\/\/www.fuldaernachrichten.de\/index.php?rest_route=\/wp\/v2\/posts\/67433\/revisions"}],"predecessor-version":[{"id":67473,"href":"https:\/\/www.fuldaernachrichten.de\/index.php?rest_route=\/wp\/v2\/posts\/67433\/revisions\/67473"}],"wp:attachment":[{"href":"https:\/\/www.fuldaernachrichten.de\/index.php?rest_route=%2Fwp%2Fv2%2Fmedia&parent=67433"}],"wp:term":[{"taxonomy":"category","embeddable":true,"href":"https:\/\/www.fuldaernachrichten.de\/index.php?rest_route=%2Fwp%2Fv2%2Fcategories&post=67433"},{"taxonomy":"post_tag","embeddable":true,"href":"https:\/\/www.fuldaernachrichten.de\/index.php?rest_route=%2Fwp%2Fv2%2Ftags&post=67433"}],"curies":[{"name":"wp","href":"https:\/\/api.w.org\/{rel}","templated":true}]}}