{"id":67424,"date":"2010-08-20T02:59:24","date_gmt":"2010-08-20T00:59:24","guid":{"rendered":"http:\/\/www.fuldaer-nachrichten.de\/?p=67424"},"modified":"2010-08-20T07:59:34","modified_gmt":"2010-08-20T05:59:34","slug":"24-ehrenberger-burgerfest-vom-27-29-august-2010","status":"publish","type":"post","link":"https:\/\/www.fuldaernachrichten.de\/?p=67424","title":{"rendered":"24. Ehrenberger Bu\u00cc\u02c6rgerfest vom 27. \u2013 29. August 2010"},"content":{"rendered":"<p><strong>Ehrenberg \u2013 Wu\u00cc\u02c6stensachsen. <\/strong>Am Wochenende vom 27. \u2013 29. August 2010 findet das 24. Ehrenberger Bu\u00cc\u02c6rgerfest im Ortsteil Wu\u00cc\u02c6stensachsen rund um das Bu\u00cc\u02c6rgerhaus statt. Bereits zum zweiten Mal nach 2008 sind dabei die verschiedenen Ortsteile stark mit in die Organisation eingebunden. Freuen Sie sich mit uns auf ein spannendes und abwechslungsreiches Programm! Den Startschuss fu\u00cc\u02c6r das diesj\u00e4hrige Bu\u00cc\u02c6rgerfest gibt der \u201eMusikverein Hohe Rh\u00f6n Wu\u00cc\u02c6stensachsen\u201c am Freitagabend (27. August) ab 19:30 Uhr mit einem Platzkonzert auf dem Kirchplatz. <!--more--><\/p>\n<p>Weiter geht es dann am Samstag (28. August) ab 10:00 Uhr mit dem Ehrenberger Markttreiben vor dem Bu\u00cc\u02c6rgerhaus und auf dem Kirchplatz in Wu\u00cc\u02c6stensachsen. Zahlreiche Marktst\u00e4nde erwarten Sie und bieten sowohl regionale als auch ausw\u00e4rtige Produkte an. Der anschlie\u00dfende Open-Air-Abend ab 20:00 Uhr wird von der Live-Band \u201eLet`s dance\u201c begleitet, was sicherlich dazu einl\u00e4dt, das Tanzbein zu schwingen, Spa\u00df zu haben, lustig und gesellig zu sein. Zur St\u00e4rkung werden verschiedene Grillspezialit\u00e4ten, aber auch Wei\u00dfwurst und Brezeln angeboten.<\/p>\n<p>Daneben kann der Abend bei erfrischenden Cocktails, hei\u00dfen Kaffees oder edlen Weinen ausklingen. Mit einem traditionellen Festgottesdienst im Freien beginnt Sonntag (29. August) der Familientag um 09:00 Uhr auf dem Kirchplatz unter Mitwirkung des \u201eMusikvereins Hohe Rh\u00f6n Wu\u00cc\u02c6stensachsen\u201c. Im Anschluss daran bieten zahlreiche Ehrenberger Gastst\u00e4tten leckere Mittagessen zu einem Preis von 6,00 \u00e2\u201a\u00ac an. Da ist fu\u00cc\u02c6r alle Geschm\u00e4cker etwas dabei! Der Festzug startet pu\u00cc\u02c6nktlich um 14:00 Uhr mit Fu\u00dfgruppen, Festwagen, Traktoren und Oldtimern an der Grundschule in Wu\u00cc\u02c6stensachsen.<\/p>\n<p>Danach werden die teilnehmenden Musikvereine sowie ein breitgef\u00e4chertes Kinderprogramm den Festbetrieb bereichern, wobei nicht nur Kinderaugen zum Strahlen kommen werden. Entspannen Sie sich bei einer Kutschfahrt durch den Ort, bummeln Sie durch die Gesch\u00e4fte im Rahmen des verkaufsoffenen Sonntags oder genie\u00dfen Sie einfach unsere leckeren Kaffee- und Kuchenspezialit\u00e4ten. Die Gemeinde Ehrenberg (Rh\u00f6n) mit Ihren fu\u00cc\u02c6nf Ortsteilen freut sich sehr darauf, Sie begru\u00cc\u02c6\u00dfen zu du\u00cc\u02c6rfen. Das Ehrenberger Bu\u00cc\u02c6rgerfest als Fest fu\u00cc\u02c6r Gro\u00df und Klein \u2013 hierzu l\u00e4dt Ehrenberg (Rh\u00f6n) wirklich alle ein!<\/p>\n","protected":false},"excerpt":{"rendered":"<div class=\"tmnf_excerpt\"><p>Ehrenberg \u2013 Wu\u00cc\u02c6stensachsen. Am Wochenende vom 27. \u2013 29. August 2010 findet das 24. Ehrenberger Bu\u00cc\u02c6rgerfest im Ortsteil Wu\u00cc\u02c6stensachsen rund um das Bu\u00cc\u02c6rgerhaus statt. Bereits zum zweiten Mal nach 2008 sind dabei die verschiedenen Ortsteile stark mit in die Organisation eingebunden. Freuen Sie sich mit uns auf ein spannendes und abwechslungsreiches Programm! Den Startschuss fu\u00cc\u02c6r &hellip;<\/p>\n<\/div>","protected":false},"author":1,"featured_media":0,"comment_status":"closed","ping_status":"closed","sticky":false,"template":"","format":"standard","meta":{"footnotes":""},"categories":[1],"tags":[],"class_list":["post-67424","post","type-post","status-publish","format-standard","hentry","category-startseite"],"_links":{"self":[{"href":"https:\/\/www.fuldaernachrichten.de\/index.php?rest_route=\/wp\/v2\/posts\/67424","targetHints":{"allow":["GET"]}}],"collection":[{"href":"https:\/\/www.fuldaernachrichten.de\/index.php?rest_route=\/wp\/v2\/posts"}],"about":[{"href":"https:\/\/www.fuldaernachrichten.de\/index.php?rest_route=\/wp\/v2\/types\/post"}],"author":[{"embeddable":true,"href":"https:\/\/www.fuldaernachrichten.de\/index.php?rest_route=\/wp\/v2\/users\/1"}],"replies":[{"embeddable":true,"href":"https:\/\/www.fuldaernachrichten.de\/index.php?rest_route=%2Fwp%2Fv2%2Fcomments&post=67424"}],"version-history":[{"count":2,"href":"https:\/\/www.fuldaernachrichten.de\/index.php?rest_route=\/wp\/v2\/posts\/67424\/revisions"}],"predecessor-version":[{"id":67477,"href":"https:\/\/www.fuldaernachrichten.de\/index.php?rest_route=\/wp\/v2\/posts\/67424\/revisions\/67477"}],"wp:attachment":[{"href":"https:\/\/www.fuldaernachrichten.de\/index.php?rest_route=%2Fwp%2Fv2%2Fmedia&parent=67424"}],"wp:term":[{"taxonomy":"category","embeddable":true,"href":"https:\/\/www.fuldaernachrichten.de\/index.php?rest_route=%2Fwp%2Fv2%2Fcategories&post=67424"},{"taxonomy":"post_tag","embeddable":true,"href":"https:\/\/www.fuldaernachrichten.de\/index.php?rest_route=%2Fwp%2Fv2%2Ftags&post=67424"}],"curies":[{"name":"wp","href":"https:\/\/api.w.org\/{rel}","templated":true}]}}