{"id":67422,"date":"2010-08-20T02:59:44","date_gmt":"2010-08-20T00:59:44","guid":{"rendered":"http:\/\/www.fuldaer-nachrichten.de\/?p=67422"},"modified":"2010-08-20T08:00:03","modified_gmt":"2010-08-20T06:00:03","slug":"stomatag-leben-mit-stoma-am-8-september-im-klinikum-fulda","status":"publish","type":"post","link":"https:\/\/www.fuldaernachrichten.de\/?p=67422","title":{"rendered":"Stomatag \u201eLeben mit Stoma\u201c am 8. September im Klinikum Fulda"},"content":{"rendered":"<p><strong>Fulda. <\/strong>Am 08.09.2010 veranstaltet das Darmzentrum sowie die Klinik f\u00fcr Urologie und Kinderurologie des Klinikums Fulda von 16.00 bis 18.00 Uhr eine Informationsveranstaltung zu dem Thema \u201eLeben mit Stoma\u201c. Unter dem Begriff \u201eStoma\u201c wird eine operativ angelegte K\u00f6rper\u00f6ffnung verstanden, wie z.B. ein k\u00fcnstlicher Darm- oder Blasenausgang. Im Rahmen der Veranstaltung informieren die Experten des Darmzentrums sowie der Klinik f\u00fcr Urologie und Kinderurologie des Klinikums Fulda die Betroffenen und deren Angeh\u00f6rige, unter welchen Voraussetzungen in der Bauchchirurgie bzw. der Urologie eine Stomaanlage erforderlich ist,\u00c2\u00a0 wie dies im Einzelnen erfolgt und auf welche Besonderheiten bei der Stomaversorgung zu achten ist.<!--more--><\/p>\n<p><strong>Programm:<\/strong><\/p>\n<ul>\n<li>Stomanlage in der Bauchchirurgie: Wie, wann, wo? Priv.-Doz. Dr. Achim Hellinger, Leiter des Darmzentrums<\/li>\n<li>Stomaanlage in der Urologie: Wie, wann, wo? Prof. Dr. Tilman K\u00e4lble, Leiter des Prostatazentrums<\/li>\n<li>Vorstellung der Stoma-Versorgung am Klinikum Fulda, Beate Pribbernow, Gerd Jost<\/li>\n<li>Erfahrungsbericht eines Patienten<\/li>\n<li>Industrieausstellung und Beratung<\/li>\n<li>Imbiss<\/li>\n<\/ul>\n<p>Im Anschluss besteht ausreichend die M\u00f6glichkeit, individuelle Fragen an die Experten zu stellen. Die Anzahl der Sitzpl\u00e4tze im H\u00f6rsaal ist begrenzt. Einlass ab 15.30 Uhr.<\/p>\n","protected":false},"excerpt":{"rendered":"<div class=\"tmnf_excerpt\"><p>Fulda. Am 08.09.2010 veranstaltet das Darmzentrum sowie die Klinik f\u00fcr Urologie und Kinderurologie des Klinikums Fulda von 16.00 bis 18.00 Uhr eine Informationsveranstaltung zu dem Thema \u201eLeben mit Stoma\u201c. Unter dem Begriff \u201eStoma\u201c wird eine operativ angelegte K\u00f6rper\u00f6ffnung verstanden, wie z.B. ein k\u00fcnstlicher Darm- oder Blasenausgang. Im Rahmen der Veranstaltung informieren die Experten des Darmzentrums &hellip;<\/p>\n<\/div>","protected":false},"author":1,"featured_media":0,"comment_status":"closed","ping_status":"closed","sticky":false,"template":"","format":"standard","meta":{"footnotes":""},"categories":[1],"tags":[],"class_list":["post-67422","post","type-post","status-publish","format-standard","hentry","category-startseite"],"_links":{"self":[{"href":"https:\/\/www.fuldaernachrichten.de\/index.php?rest_route=\/wp\/v2\/posts\/67422","targetHints":{"allow":["GET"]}}],"collection":[{"href":"https:\/\/www.fuldaernachrichten.de\/index.php?rest_route=\/wp\/v2\/posts"}],"about":[{"href":"https:\/\/www.fuldaernachrichten.de\/index.php?rest_route=\/wp\/v2\/types\/post"}],"author":[{"embeddable":true,"href":"https:\/\/www.fuldaernachrichten.de\/index.php?rest_route=\/wp\/v2\/users\/1"}],"replies":[{"embeddable":true,"href":"https:\/\/www.fuldaernachrichten.de\/index.php?rest_route=%2Fwp%2Fv2%2Fcomments&post=67422"}],"version-history":[{"count":3,"href":"https:\/\/www.fuldaernachrichten.de\/index.php?rest_route=\/wp\/v2\/posts\/67422\/revisions"}],"predecessor-version":[{"id":67478,"href":"https:\/\/www.fuldaernachrichten.de\/index.php?rest_route=\/wp\/v2\/posts\/67422\/revisions\/67478"}],"wp:attachment":[{"href":"https:\/\/www.fuldaernachrichten.de\/index.php?rest_route=%2Fwp%2Fv2%2Fmedia&parent=67422"}],"wp:term":[{"taxonomy":"category","embeddable":true,"href":"https:\/\/www.fuldaernachrichten.de\/index.php?rest_route=%2Fwp%2Fv2%2Fcategories&post=67422"},{"taxonomy":"post_tag","embeddable":true,"href":"https:\/\/www.fuldaernachrichten.de\/index.php?rest_route=%2Fwp%2Fv2%2Ftags&post=67422"}],"curies":[{"name":"wp","href":"https:\/\/api.w.org\/{rel}","templated":true}]}}