{"id":67417,"date":"2010-08-23T01:41:26","date_gmt":"2010-08-22T23:41:26","guid":{"rendered":"http:\/\/www.fuldaer-nachrichten.de\/?p=67417"},"modified":"2010-08-23T08:42:04","modified_gmt":"2010-08-23T06:42:04","slug":"fortbildungsveranstaltung-schlaganfallpraevention-im-fokus","status":"publish","type":"post","link":"https:\/\/www.fuldaernachrichten.de\/?p=67417","title":{"rendered":"Fortbildungsveranstaltung: Schlaganfallpr\u00e4vention im Fokus"},"content":{"rendered":"<p><strong>Fulda. <\/strong>Am 25.08.2010, 17.00 bis 20.00 Uhr, \u00c2\u00a0veranstaltet Prof. Dr. Tobias Neumann-Haefelin (Direktor der Klinik f\u00fcr Neurologie des Klinikums Fulda) zusammen mit der Deutschen Schlaganfallgesellschaft im Hotel Esperanto (Fulda) eine Fortbildung zu dem Thema \u201eSchlaganfallpr\u00e4vention im Fokus \u2013 Es tut sich was\u201c. Im Rahmen der Fortbildungsveranstaltung referieren Prof. Dr. Matthias Sitzer (Chefarzt der Klinik f\u00fcr Neurologie der Medizinischen Hochschule Hannover) zu dem Thema \u201eAkuttherapie und Sekund\u00e4rpr\u00e4vention des Schlaganfalls\u201c sowie Prof. Dr. Volker Sch\u00e4chinger (Chefarzt der Medizinischen Klinik I des Klinikums Fulda) \u00fcber \u201eVorhofflimmern und neue Antikoagulation\u201c. Zudem h\u00e4lt Dr. Manfred Kaufmann (Direktor der Gef\u00e4\u00dfchirurgie des Klinikums Fulda) einen Vortrag \u00fcber die \u201eOperative Behandlung der Karotisstenose\u201c und Prof. Dr. Joachim Berkefeld (leitender Oberarzt der Neuroradiologie der Johann Wolfgang Goethe-Universit\u00e4t in Frankfurt), einen Vortrag \u00fcber \u201eInterventionelle Behandlung extra- und intrakranieller Stenosen\u201c. Im Anschluss besteht ausreichend\u00c2\u00a0 M\u00f6glichkeit zur intensiven Diskussion.<\/p>\n","protected":false},"excerpt":{"rendered":"<div class=\"tmnf_excerpt\"><p>Fulda. Am 25.08.2010, 17.00 bis 20.00 Uhr, \u00c2\u00a0veranstaltet Prof. Dr. Tobias Neumann-Haefelin (Direktor der Klinik f\u00fcr Neurologie des Klinikums Fulda) zusammen mit der Deutschen Schlaganfallgesellschaft im Hotel Esperanto (Fulda) eine Fortbildung zu dem Thema \u201eSchlaganfallpr\u00e4vention im Fokus \u2013 Es tut sich was\u201c. Im Rahmen der Fortbildungsveranstaltung referieren Prof. Dr. Matthias Sitzer (Chefarzt der Klinik f\u00fcr &hellip;<\/p>\n<\/div>","protected":false},"author":1,"featured_media":0,"comment_status":"closed","ping_status":"closed","sticky":false,"template":"","format":"standard","meta":{"footnotes":""},"categories":[1],"tags":[],"class_list":["post-67417","post","type-post","status-publish","format-standard","hentry","category-startseite"],"_links":{"self":[{"href":"https:\/\/www.fuldaernachrichten.de\/index.php?rest_route=\/wp\/v2\/posts\/67417","targetHints":{"allow":["GET"]}}],"collection":[{"href":"https:\/\/www.fuldaernachrichten.de\/index.php?rest_route=\/wp\/v2\/posts"}],"about":[{"href":"https:\/\/www.fuldaernachrichten.de\/index.php?rest_route=\/wp\/v2\/types\/post"}],"author":[{"embeddable":true,"href":"https:\/\/www.fuldaernachrichten.de\/index.php?rest_route=\/wp\/v2\/users\/1"}],"replies":[{"embeddable":true,"href":"https:\/\/www.fuldaernachrichten.de\/index.php?rest_route=%2Fwp%2Fv2%2Fcomments&post=67417"}],"version-history":[{"count":2,"href":"https:\/\/www.fuldaernachrichten.de\/index.php?rest_route=\/wp\/v2\/posts\/67417\/revisions"}],"predecessor-version":[{"id":67641,"href":"https:\/\/www.fuldaernachrichten.de\/index.php?rest_route=\/wp\/v2\/posts\/67417\/revisions\/67641"}],"wp:attachment":[{"href":"https:\/\/www.fuldaernachrichten.de\/index.php?rest_route=%2Fwp%2Fv2%2Fmedia&parent=67417"}],"wp:term":[{"taxonomy":"category","embeddable":true,"href":"https:\/\/www.fuldaernachrichten.de\/index.php?rest_route=%2Fwp%2Fv2%2Fcategories&post=67417"},{"taxonomy":"post_tag","embeddable":true,"href":"https:\/\/www.fuldaernachrichten.de\/index.php?rest_route=%2Fwp%2Fv2%2Ftags&post=67417"}],"curies":[{"name":"wp","href":"https:\/\/api.w.org\/{rel}","templated":true}]}}