{"id":67408,"date":"2010-08-20T03:30:47","date_gmt":"2010-08-20T01:30:47","guid":{"rendered":"http:\/\/www.fuldaer-nachrichten.de\/?p=67408"},"modified":"2010-08-20T08:01:04","modified_gmt":"2010-08-20T06:01:04","slug":"formel-3-profi-thomas-roessler-faehrt-vorzeitig-den-meister-titel-ein","status":"publish","type":"post","link":"https:\/\/www.fuldaernachrichten.de\/?p=67408","title":{"rendered":"Formel-3-Profi Thomas R\u00f6ssler f\u00e4hrt vorzeitig den Meister Titel ein"},"content":{"rendered":"<p><strong><a href=\"http:\/\/www.fuldaer-nachrichten.de\/wp-content\/uploads\/2010\/08\/100819_Thomas.jpg\"><img decoding=\"async\" class=\"alignleft size-thumbnail wp-image-67409\" title=\"100819_Thomas\" src=\"http:\/\/www.fuldaer-nachrichten.de\/wp-content\/uploads\/2010\/08\/100819_Thomas-265x177.jpg\" alt=\"\" width=\"265\" height=\"177\" srcset=\"https:\/\/www.fuldaernachrichten.de\/wp-content\/uploads\/2010\/08\/100819_Thomas-265x177.jpg 265w, https:\/\/www.fuldaernachrichten.de\/wp-content\/uploads\/2010\/08\/100819_Thomas.jpg 592w\" sizes=\"(max-width: 265px) 100vw, 265px\" \/><\/a>Fulda. <\/strong>In einem spektakul\u00e4ren Rennen und unter schwierigsten Bedingungen konnte sich der Formel-3-Profi Thomas R\u00f6ssler aus Fulda beim diesj\u00e4hrigen Hauensteiner Bergrennen bereits den Titel Deutscher Bergpokalsieger f\u00fcr Rennsportfahrzeuge sichern. Mit einem dritten Platz lag R\u00f6ssler beim Rennen in Hausen zwar knapp hinter den Konkurrenten Marcel Steiner und Uwe Lang Doch in seiner Rennklasse bis 2 Liter war er auf der anspruchsvollen Strecke der Schnellste und holte sich damit bereits drei Rennen vor Saisonende den begehrten Titel. Trotz des starken Regens &#8211; der Veranstalter musste das Rennen deswegen mehrmals unterbrechen \u2013 fuhr der Spross einer ber\u00fchmten Rennfahrerfamilie souver\u00e4n die rund 4,5 Kilometer lange Strecke. Obschon er mit den 220 PS seines Opel Dallara 307 nur etwa die H\u00e4lfte der Leistung seiner Rennkonkurrenz aufbringt, liegt er in der Gesamtwertung um den Titel &#8216;Deutscher Bergmeister f\u00fcr Rennsportfahrzeuge&#8217; auf den 2. Platz. Hinter Uwe Lang, der mit seinen etwa 400 PS starken BMW Osella Pa 20 die F\u00fchrung inne hat.<!--more--><\/p>\n<p><strong>Hautnah am Rennen<\/strong><\/p>\n<p>Im Rahmen einer Verlosungsaktion von Rennsport R\u00f6ssler, dem Rh\u00f6n Park Aktivhotel und active woman drive&amp;sytle konnten die Gewinner live die Startvorbereitungen im Fahrerlager mitverfolgen. \u201eBei uns geh\u00f6rt der direkte Kontakt zu unseren Fans zum Sport dazu\u201c, sagt\u00c2\u00a0 Susanne R\u00f6ssler, die das VIP-Event federf\u00fchrend organisiert hat. Dank zahlreicher Sponsoren wie dem Automobil Zulieferer ClimAir, dem Volkswagenzentrum Fulda (Atzert &amp; Weber Gruppe), Rhoter Br\u00e4u und dem Rh\u00f6n Park Aktiv Resort, war das Wochenende auch abseits der Rennstrecke sehr erfolgreich. So fand am Abend vor dem Rennen im\u00c2\u00a0 Rh\u00f6n Park Aktiv Resort eine Rennsport-Party statt auf der Thomas R\u00f6ssler exklsuiv eine Autogrammstunde gab. Dar\u00fcber hinaus bot das Aktiv Hotel ein spezielles Wochenendpaket f\u00fcr Rennbegeisterte an. \u201eWir freuen uns sehr \u00fcber das prominente Bergrennen in Hausen und dem professionellen Engagement von Rennsport R\u00f6ssler\u201c, sagt Hoteldirektor von Kniese.<\/p>\n","protected":false},"excerpt":{"rendered":"<div class=\"tmnf_excerpt\"><p>Fulda. In einem spektakul\u00e4ren Rennen und unter schwierigsten Bedingungen konnte sich der Formel-3-Profi Thomas R\u00f6ssler aus Fulda beim diesj\u00e4hrigen Hauensteiner Bergrennen bereits den Titel Deutscher Bergpokalsieger f\u00fcr Rennsportfahrzeuge sichern. Mit einem dritten Platz lag R\u00f6ssler beim Rennen in Hausen zwar knapp hinter den Konkurrenten Marcel Steiner und Uwe Lang Doch in seiner Rennklasse bis 2 &hellip;<\/p>\n<\/div>","protected":false},"author":1,"featured_media":0,"comment_status":"closed","ping_status":"closed","sticky":false,"template":"","format":"standard","meta":{"footnotes":""},"categories":[1,35,46],"tags":[],"class_list":["post-67408","post","type-post","status-publish","format-standard","hentry","category-startseite","category-auto","category-sport"],"_links":{"self":[{"href":"https:\/\/www.fuldaernachrichten.de\/index.php?rest_route=\/wp\/v2\/posts\/67408","targetHints":{"allow":["GET"]}}],"collection":[{"href":"https:\/\/www.fuldaernachrichten.de\/index.php?rest_route=\/wp\/v2\/posts"}],"about":[{"href":"https:\/\/www.fuldaernachrichten.de\/index.php?rest_route=\/wp\/v2\/types\/post"}],"author":[{"embeddable":true,"href":"https:\/\/www.fuldaernachrichten.de\/index.php?rest_route=\/wp\/v2\/users\/1"}],"replies":[{"embeddable":true,"href":"https:\/\/www.fuldaernachrichten.de\/index.php?rest_route=%2Fwp%2Fv2%2Fcomments&post=67408"}],"version-history":[{"count":2,"href":"https:\/\/www.fuldaernachrichten.de\/index.php?rest_route=\/wp\/v2\/posts\/67408\/revisions"}],"predecessor-version":[{"id":67480,"href":"https:\/\/www.fuldaernachrichten.de\/index.php?rest_route=\/wp\/v2\/posts\/67408\/revisions\/67480"}],"wp:attachment":[{"href":"https:\/\/www.fuldaernachrichten.de\/index.php?rest_route=%2Fwp%2Fv2%2Fmedia&parent=67408"}],"wp:term":[{"taxonomy":"category","embeddable":true,"href":"https:\/\/www.fuldaernachrichten.de\/index.php?rest_route=%2Fwp%2Fv2%2Fcategories&post=67408"},{"taxonomy":"post_tag","embeddable":true,"href":"https:\/\/www.fuldaernachrichten.de\/index.php?rest_route=%2Fwp%2Fv2%2Ftags&post=67408"}],"curies":[{"name":"wp","href":"https:\/\/api.w.org\/{rel}","templated":true}]}}