{"id":674,"date":"2007-01-09T16:40:18","date_gmt":"2007-01-09T15:40:18","guid":{"rendered":"http:\/\/www.schoene-nachrichten.de\/?p=674"},"modified":"2007-01-09T16:57:12","modified_gmt":"2007-01-09T15:57:12","slug":"traditionelles-neujahrsblasen-leitete-fur-den-fuldaer-magistrat-das-neue-sitzungsjahr-ein","status":"publish","type":"post","link":"https:\/\/www.fuldaernachrichten.de\/?p=674","title":{"rendered":"Traditionelles Neujahrsblasen leitete f\u00fcr Fuldaer Magistrat das neue Sitzungsjahr ein"},"content":{"rendered":"<p><strong>Sch\u00f6nes aus Fulda.<\/strong> Vor 30 Jahren hatte der Kommunalpolitiker und langj\u00e4hrige Stadtverordnete Walter Hartung die Idee, das neue Sitzungsjahr des Fuldaer Magistrats musikalisch zu beginnen. Seitdem stemmen die &#8220;Waidmannsj\u00fcnger&#8221; den Arm kr\u00e4ftig in die Seite und intonieren J\u00e4gerweisen als\u00c2\u00a0&#8220;Zeichen der Verbundenheit&#8221; zwischen Fulda und den neuen Stadtteilen. Anders als im vergangenen Jahr mu\u00dften\u00c2\u00a0die Bl\u00e4serinnen und Bl\u00e4ser vom Bl\u00e4sercorps der J\u00e4ger- und Gebrauchshundevereinigung Rh\u00f6n\/Vogelsberg in diesem Jahr nicht gegen klirrende K\u00e4lte und Frost ank\u00e4mpfen, um die richtige Tonlage zu finden.<\/p>\n<p>\u00c2\u00a0<\/p>\n<p>Fotos: Stadt Fulda<\/p>\n<p>\u00c2\u00a0<\/p>\n<p><a title=\"Foto: Stadt Fulda\" href=\"http:\/\/www.schoene-nachrichten.de\/wp-content\/uploads\/2007\/01\/070109_fulda_01.jpg\" target=\"_blank\"><img decoding=\"async\" id=\"image670\" height=\"96\" alt=\"070109_fulda_01.jpg\" src=\"http:\/\/www.schoene-nachrichten.de\/wp-content\/uploads\/2007\/01\/070109_fulda_01.thumbnail.jpg\" \/><\/a>\u00c2\u00a0<a title=\"Foto: Stadt Fulda\" href=\"http:\/\/www.schoene-nachrichten.de\/wp-content\/uploads\/2007\/01\/070109_fulda_04.jpg\" target=\"_blank\"><img decoding=\"async\" id=\"image673\" height=\"96\" alt=\"070109_fulda_04.jpg\" src=\"http:\/\/www.schoene-nachrichten.de\/wp-content\/uploads\/2007\/01\/070109_fulda_04.thumbnail.jpg\" \/><\/a><\/p>\n<p><a title=\"Foto: Stadt Fulda\" href=\"http:\/\/www.schoene-nachrichten.de\/wp-content\/uploads\/2007\/01\/070109_fulda_03.jpg\" target=\"_blank\"><img decoding=\"async\" id=\"image672\" height=\"96\" alt=\"070109_fulda_03.jpg\" src=\"http:\/\/www.schoene-nachrichten.de\/wp-content\/uploads\/2007\/01\/070109_fulda_03.thumbnail.jpg\" \/><\/a>\u00c2\u00a0<a title=\"Foto: Stadt Fulda\" href=\"http:\/\/www.schoene-nachrichten.de\/wp-content\/uploads\/2007\/01\/070109_fulda_02.jpg\" target=\"_blank\"><img decoding=\"async\" id=\"image671\" height=\"96\" alt=\"070109_fulda_02.jpg\" src=\"http:\/\/www.schoene-nachrichten.de\/wp-content\/uploads\/2007\/01\/070109_fulda_02.thumbnail.jpg\" \/><\/a><\/p>\n<p>\u00c2\u00a0<\/p>\n<p><!--more--><\/p>\n<p>Oberb\u00fcrgermeister Gerhard M\u00f6ller bedankte sich beim Bl\u00e4sercorps f\u00fcr den gelungenen Vortrag. &#8220;Aus diesem Gedanken ist inzwischen eine feste Institution, ja eine liebgewonnene, sch\u00f6ne und angenehme\u00c2\u00a0 Tradition geworden, die wir\u00c2\u00a0nicht mehr missen m\u00f6chten&#8221;, freute sich M\u00f6ller. Die Stadtteile h\u00e4tten ihre Identit\u00e4t als Gemeinden bewahrt und seien zugleich mit der Kernstadt zu einer gro\u00dfen, lebendigen Gemeinschaft verschmolzen. Die Integration\u00c2\u00a0sei gegl\u00fcckt. Die Stadtteile f\u00fchlten sich in diesem neuen Gebilde heimisch, wie der OB unterstrich.<\/p>\n<p>\u00c2\u00a0<\/p>\n<p>F\u00fcr das Bl\u00e4sercorps w\u00fcnschte Bernhard Sch\u00fctz dem Magistrat und dem Oberb\u00fcrgermeister an seiner Spitze ein gl\u00fcckliches, erfolgreiches Jahr und gute Beratungen. Das Neujahrsblasen, so Sch\u00fctz weiter, sei unter Hartung und dem langj\u00e4hrigen Bl\u00e4sercorpsleiter Willi Kl\u00fcber zu einer wahren &#8220;Erfolgsstory&#8221; geworden.<\/p>\n","protected":false},"excerpt":{"rendered":"<div class=\"tmnf_excerpt\"><p>Sch\u00f6nes aus Fulda. Vor 30 Jahren hatte der Kommunalpolitiker und langj\u00e4hrige Stadtverordnete Walter Hartung die Idee, das neue Sitzungsjahr des Fuldaer Magistrats musikalisch zu beginnen. Seitdem stemmen die &#8220;Waidmannsj\u00fcnger&#8221; den Arm kr\u00e4ftig in die Seite und intonieren J\u00e4gerweisen als\u00c2\u00a0&#8220;Zeichen der Verbundenheit&#8221; zwischen Fulda und den neuen Stadtteilen. Anders als im vergangenen Jahr mu\u00dften\u00c2\u00a0die Bl\u00e4serinnen und &hellip;<\/p>\n<\/div>","protected":false},"author":1,"featured_media":0,"comment_status":"closed","ping_status":"closed","sticky":false,"template":"","format":"standard","meta":{"footnotes":""},"categories":[1,44,29],"tags":[],"class_list":["post-674","post","type-post","status-publish","format-standard","hentry","category-startseite","category-kultur","category-politik"],"_links":{"self":[{"href":"https:\/\/www.fuldaernachrichten.de\/index.php?rest_route=\/wp\/v2\/posts\/674","targetHints":{"allow":["GET"]}}],"collection":[{"href":"https:\/\/www.fuldaernachrichten.de\/index.php?rest_route=\/wp\/v2\/posts"}],"about":[{"href":"https:\/\/www.fuldaernachrichten.de\/index.php?rest_route=\/wp\/v2\/types\/post"}],"author":[{"embeddable":true,"href":"https:\/\/www.fuldaernachrichten.de\/index.php?rest_route=\/wp\/v2\/users\/1"}],"replies":[{"embeddable":true,"href":"https:\/\/www.fuldaernachrichten.de\/index.php?rest_route=%2Fwp%2Fv2%2Fcomments&post=674"}],"version-history":[{"count":0,"href":"https:\/\/www.fuldaernachrichten.de\/index.php?rest_route=\/wp\/v2\/posts\/674\/revisions"}],"wp:attachment":[{"href":"https:\/\/www.fuldaernachrichten.de\/index.php?rest_route=%2Fwp%2Fv2%2Fmedia&parent=674"}],"wp:term":[{"taxonomy":"category","embeddable":true,"href":"https:\/\/www.fuldaernachrichten.de\/index.php?rest_route=%2Fwp%2Fv2%2Fcategories&post=674"},{"taxonomy":"post_tag","embeddable":true,"href":"https:\/\/www.fuldaernachrichten.de\/index.php?rest_route=%2Fwp%2Fv2%2Ftags&post=674"}],"curies":[{"name":"wp","href":"https:\/\/api.w.org\/{rel}","templated":true}]}}