{"id":67386,"date":"2010-08-20T01:00:21","date_gmt":"2010-08-19T23:00:21","guid":{"rendered":"http:\/\/www.fuldaer-nachrichten.de\/?p=67386"},"modified":"2010-08-20T08:00:37","modified_gmt":"2010-08-20T06:00:37","slug":"eichenau-wird-in-das-dorferneuerungsprogramm-2010-aufgenommen","status":"publish","type":"post","link":"https:\/\/www.fuldaernachrichten.de\/?p=67386","title":{"rendered":"Eichenau wird in das Dorferneuerungsprogramm 2010 aufgenommen"},"content":{"rendered":"<p><strong>Eichenau. <\/strong>Eichenau geh\u00f6rt zu den 29 Orten, die in diesem Jahr neu in das Dorf er neuerungs programm des Landes aufgenommen werden. Mit dem neuen F\u00f6rderschwerpunkt f\u00f6rdert Hessen im Jahre 2010 im Landkreis Fulda insgesamt 20 Orte. \u201eBringen Sie sich mit Ihren Ideen in den Dorferneuerungsprozess ein, versuchen Sie m\u00f6glichst viele Ihrer Probleme vor Ort zu l\u00f6sen und nutzen Sie damit die Chancen f\u00fcr Ihre Zukunft\u201c, sagte Wirtschaftsminister Dieter Posch am Mittwoch in Gro\u00dfenl\u00fcder anl\u00e4sslich der \u00dcbergabe des Anerkennungsbescheides an B\u00fcrgermeister Werner Dietrich und Ortsvorsteher Norbert Printz.<!--more--><\/p>\n<p>Eichenau ist einer von 7 Ortsteilen der Gemeinde Gro\u00dfenl\u00fcder mit ca. 140 Einwohnern. Auf Landkreisebene gibt es bereits ein kommunales Programm zur Wiederbelebung leer stehender Bausubstanz. Ziel der Dorferneuerung ist eine nachhaltige Ortskernentwicklung durch ein aktives Fl\u00e4chen- und Geb\u00e4udemanagement, Schaffung von Wohnraum f\u00fcr junge Familien sowie Verbesserung der Grundversorgung mit Waren und Dienstleistungen.<\/p>\n<p>Dar\u00fcber hinaus liegt die Gemeinde Mei\u00dfner im LEADER-F\u00f6rdergebiet \u201eFulda-S\u00fcdwest\u201c und kann somit auch im Rahmen des Entwicklungsplans f\u00fcr den l\u00e4ndlichen Raum 2007 bis 2013 gef\u00f6rdert werden. Mit der M\u00f6glichkeit die Dorferneuerung mit den Programmen des Landkreises und der EU zu erg\u00e4nzen und der aktiven Dorfgemeinschaft vor Ort sind in Eichenau die Voraussetzungen f\u00fcr eine erfolgreiche Entwicklung zu einem attraktiven Lebensraum gegeben.<\/p>\n<p>Mit der aktuellen F\u00f6rderrichtlinie vom Februar 2010 wurden auch die F\u00f6rderziele hinsicht lich der Folgen des demografischen Wandels weiterentwickelt. So werden z. B. die nachhaltige Innenentwicklung zur Lenkung von Investitionen in die Ortskerne und die Ausrichtung auf zu kunftsf\u00e4hige, multifunktionale und \u00fcber den F\u00f6rder schwerpunkt hinaus reichende Versorgungseinrichtungen an Stelle der traditionellen B\u00fcrger h\u00e4user gest\u00e4rkt.<\/p>\n<p>\u201eWichtig f\u00fcr den Entwicklungsprozess ist, die Vielfalt d\u00f6rflicher Lebensformen und das bau- und kultur geschichtliche Erbe der D\u00f6rfer insbesondere auch im Hinblick auf die prognostizierte demografische Entwicklung nachhaltig zu bewahren und sie zu Lebensr\u00e4umen mit sicherer wirtschaftlicher Grundlage und hoher Lebensqualit\u00e4t weiterzuentwickeln\u201c, so der Minister. Posch: \u201eDie gef\u00f6rderten Investitionen sollen im Hinblick auf demografische Entwicklungen nachhaltig angelegt sein und eine hohe Besch\u00e4ftigungswirksamkeit ausl\u00f6sen. Dar \u00fcber hinaus sollen sie in den l\u00e4ndlichen Regionen ein stabilisierender Faktor f\u00fcr die Baukonjunktur sein.\u201c<\/p>\n","protected":false},"excerpt":{"rendered":"<div class=\"tmnf_excerpt\"><p>Eichenau. Eichenau geh\u00f6rt zu den 29 Orten, die in diesem Jahr neu in das Dorf er neuerungs programm des Landes aufgenommen werden. Mit dem neuen F\u00f6rderschwerpunkt f\u00f6rdert Hessen im Jahre 2010 im Landkreis Fulda insgesamt 20 Orte. \u201eBringen Sie sich mit Ihren Ideen in den Dorferneuerungsprozess ein, versuchen Sie m\u00f6glichst viele Ihrer Probleme vor Ort &hellip;<\/p>\n<\/div>","protected":false},"author":1,"featured_media":0,"comment_status":"closed","ping_status":"closed","sticky":false,"template":"","format":"standard","meta":{"footnotes":""},"categories":[1],"tags":[],"class_list":["post-67386","post","type-post","status-publish","format-standard","hentry","category-startseite"],"_links":{"self":[{"href":"https:\/\/www.fuldaernachrichten.de\/index.php?rest_route=\/wp\/v2\/posts\/67386","targetHints":{"allow":["GET"]}}],"collection":[{"href":"https:\/\/www.fuldaernachrichten.de\/index.php?rest_route=\/wp\/v2\/posts"}],"about":[{"href":"https:\/\/www.fuldaernachrichten.de\/index.php?rest_route=\/wp\/v2\/types\/post"}],"author":[{"embeddable":true,"href":"https:\/\/www.fuldaernachrichten.de\/index.php?rest_route=\/wp\/v2\/users\/1"}],"replies":[{"embeddable":true,"href":"https:\/\/www.fuldaernachrichten.de\/index.php?rest_route=%2Fwp%2Fv2%2Fcomments&post=67386"}],"version-history":[{"count":4,"href":"https:\/\/www.fuldaernachrichten.de\/index.php?rest_route=\/wp\/v2\/posts\/67386\/revisions"}],"predecessor-version":[{"id":67479,"href":"https:\/\/www.fuldaernachrichten.de\/index.php?rest_route=\/wp\/v2\/posts\/67386\/revisions\/67479"}],"wp:attachment":[{"href":"https:\/\/www.fuldaernachrichten.de\/index.php?rest_route=%2Fwp%2Fv2%2Fmedia&parent=67386"}],"wp:term":[{"taxonomy":"category","embeddable":true,"href":"https:\/\/www.fuldaernachrichten.de\/index.php?rest_route=%2Fwp%2Fv2%2Fcategories&post=67386"},{"taxonomy":"post_tag","embeddable":true,"href":"https:\/\/www.fuldaernachrichten.de\/index.php?rest_route=%2Fwp%2Fv2%2Ftags&post=67386"}],"curies":[{"name":"wp","href":"https:\/\/api.w.org\/{rel}","templated":true}]}}