{"id":6737,"date":"2007-12-02T00:45:14","date_gmt":"2007-12-01T23:45:14","guid":{"rendered":"http:\/\/www.schoene-nachrichten.de\/?p=6737"},"modified":"2007-12-02T00:32:33","modified_gmt":"2007-12-01T23:32:33","slug":"aschenbergkids-go-europe-kooperation-zwischen-vtl-fulda-projekt-lebenskunst-am-aschenberg","status":"publish","type":"post","link":"https:\/\/www.fuldaernachrichten.de\/?p=6737","title":{"rendered":"Aschenbergkids go Europe &#8211; Kooperation zwischen VTL Fulda Projekt &#038; \u201eLebenskunst am Aschenberg\u201c"},"content":{"rendered":"<p><strong>Sch\u00f6nes aus Fulda.<\/strong> Was haben VTL (Vernetzte-Transport-Logistik) und Kinder vom Aschenberg gemeinsam? Beide haben ihren Blick auf Europa gerichtet und erfolgreich ein gemeinsames Projekt beendet.<\/p>\n<p><strong>Fotos (3):<\/strong> Ute-Christine Hedtke<\/p>\n<p><a rel=\"lightbox[roadtrip]\" target=\"_blank\" href=\"http:\/\/www.schoene-nachrichten.de\/wp-content\/uploads\/2007\/12\/071201_ascheberg_1.jpg\" title=\"071201_ascheberg_1.jpg\"><img decoding=\"async\" src=\"http:\/\/www.schoene-nachrichten.de\/wp-content\/uploads\/2007\/12\/071201_ascheberg_1.thumbnail.jpg\" alt=\"071201_ascheberg_1.jpg\" \/><\/a>\u00c2\u00a0<a rel=\"lightbox[roadtrip]\" target=\"_blank\" href=\"http:\/\/www.schoene-nachrichten.de\/wp-content\/uploads\/2007\/12\/071201_ascheberg_2.jpg\" title=\"071201_ascheberg_2.jpg\"><img decoding=\"async\" src=\"http:\/\/www.schoene-nachrichten.de\/wp-content\/uploads\/2007\/12\/071201_ascheberg_2.thumbnail.jpg\" alt=\"071201_ascheberg_2.jpg\" \/><\/a>\u00c2\u00a0<a rel=\"lightbox[roadtrip]\" target=\"_blank\" href=\"http:\/\/www.schoene-nachrichten.de\/wp-content\/uploads\/2007\/12\/071201_ascheberg_3.jpg\" title=\"071201_ascheberg_3.jpg\"><img decoding=\"async\" src=\"http:\/\/www.schoene-nachrichten.de\/wp-content\/uploads\/2007\/12\/071201_ascheberg_3.thumbnail.jpg\" alt=\"071201_ascheberg_3.jpg\" \/><\/a><!--more--><\/p>\n<p>Im Juni 2007 kam es auf der Projektb\u00f6rse \u201ePartner im Gemeinwesen\u201c zum ersten Kontakt zwischen dem Projekt &#8220;Lebenskunst am Aschenberg&#8221; und VTL. Die Stadt Fulda hatte dieses Zusammentreffen von Wirtschaft und sozial engagierten Gruppen auf dem Aschenberg unter F\u00f6rderung von LOS (Lokales Kapital f\u00fcr soziale Zwecke) organisiert mit dem Ziel, Grundlagen f\u00fcr gemeinsame Projekte und gegenseitige Unterst\u00fctzung entstehen zu lassen.<\/p>\n<p>\u201eLebenskunst am Aschenberg\u201c m\u00f6chte Menschen &#8211; und hier im Besonderen Kindern und Jugendlichen \u2013die M\u00f6glichkeit geben, ihre Freizeit kreativ und sinnvoll zu gestalten, ihre sozialen Kompetenzen zu f\u00f6rdern sowie ihr Gemeinschaftsgef\u00fchl und die gegenseitige Toleranz zu st\u00e4rken. Es sollen neben der k\u00fcnstlerischen und kulturellen F\u00f6rderung neue Lern- und Erfahrungsprozesse anhand \u00e4sthetischer Mittel in Gang gebracht werden.<\/p>\n<p>15 Kinder und Jugendliche unterschiedlicher nationaler Herkunft im Alter von 6 bis 15 Jahren haben im Rahmen dieses Projektes Bilder f\u00fcr einen Kalender gestaltet unter dem Motto &#8220;VTL goes Europe&#8230;&#8221;. Nach einer Auseinandersetzung mit der Thematik \u201eEuropa\u201c wurden Bilder zu verschiedenen europ\u00e4ischen L\u00e4ndern gestaltet. Die Kinder haben viel Neues gelernt und begeistert mitgemacht. Sie sind nat\u00fcrlich sehr stolz, dass ihre Werke nun in einem Kalender zu sehen sind! \u201eDie Kinder konnten sich in diesem Projekt weiterentwickeln und erfahren, dass ihre F\u00e4higkeiten z\u00e4hlen. Damit haben wir viel erreicht.\u201c, so Anita Schleicher von \u201eLebenskunst am Aschenberg\u201c.<\/p>\n<p>Am vergangenen Freitag wurden die Kinder zum Dank zu VTL eingeladen. Sie durften bei einem Rundgang das Unternehmen \u201ehautnah\u201c erleben und der fertige Kalender wurde feierlich pr\u00e4sentiert.<\/p>\n<p>Auch der Gesch\u00e4ftsf\u00fchrer von VTL, Herr Andreas J\u00e4schke, ist \u00fcberzeugt von der Partnerschaft und vom Ergebnis hellauf begeistert. \u201eWir wollen uns sozial engagieren und haben einen geeigneten Partner gefunden, mit welchem wir auch 2008 die Aktion fortf\u00fchren werden\u201c, so J\u00e4schke. VTL ist eine Kooperation von mehr als 100 Speditionen. Die Systemzentrale befindet sich im Gewerbegebiet Fulda West. Das Unternehmen betreibt ein europ\u00e4isches Netzwerk zum Transport von St\u00fcckgut.<\/p>\n<p>Andrea Kahlh\u00f6fer von \u201eLebenskunst am Aschenberg\u201c berichtet: \u201cEs ist eine gute Partnerschaft, die alle bereichert und neue Wege aufzeigt. Wir freuen uns, dass VTL die Gesamtkosten f\u00fcr das Projekt \u00fcbernommen und den Kindern somit einen neuen Zugang zu Kunst und kultureller Auseinandersetzung erm\u00f6glicht hat.\u201c<\/p>\n<p>Beide Partner sind sich einig: Von dieser Kooperation profitieren beide Seiten und sie kann Beispiel f\u00fcr andere Unternehmen sein. Wer Interesse an der Zusammenarbeit mit sozialen Projekten hat, kann sich an Christine Hedtke, Tel. 0661-102-1936, wenden. Sie koordiniert die Aktion \u201ePartner im Gemeinwesen\u201c, welche zum LOS-Programm der Stadt Fulda geh\u00f6rt.<\/p>\n<p>LOS wird vom Bundesministerium f\u00fcr Familie, Senioren, Frauen und Jugend und dem Europ\u00e4ischen Sozialfonds der Europ\u00e4ischen Union gef\u00f6rdert.<\/p>\n","protected":false},"excerpt":{"rendered":"<div class=\"tmnf_excerpt\"><p>Sch\u00f6nes aus Fulda. Was haben VTL (Vernetzte-Transport-Logistik) und Kinder vom Aschenberg gemeinsam? Beide haben ihren Blick auf Europa gerichtet und erfolgreich ein gemeinsames Projekt beendet. Fotos (3): Ute-Christine Hedtke \u00c2\u00a0\u00c2\u00a0<\/p>\n<\/div>","protected":false},"author":1,"featured_media":0,"comment_status":"closed","ping_status":"closed","sticky":false,"template":"","format":"standard","meta":{"footnotes":""},"categories":[1,53,72],"tags":[],"class_list":["post-6737","post","type-post","status-publish","format-standard","hentry","category-startseite","category-bildung","category-jugend"],"_links":{"self":[{"href":"https:\/\/www.fuldaernachrichten.de\/index.php?rest_route=\/wp\/v2\/posts\/6737","targetHints":{"allow":["GET"]}}],"collection":[{"href":"https:\/\/www.fuldaernachrichten.de\/index.php?rest_route=\/wp\/v2\/posts"}],"about":[{"href":"https:\/\/www.fuldaernachrichten.de\/index.php?rest_route=\/wp\/v2\/types\/post"}],"author":[{"embeddable":true,"href":"https:\/\/www.fuldaernachrichten.de\/index.php?rest_route=\/wp\/v2\/users\/1"}],"replies":[{"embeddable":true,"href":"https:\/\/www.fuldaernachrichten.de\/index.php?rest_route=%2Fwp%2Fv2%2Fcomments&post=6737"}],"version-history":[{"count":0,"href":"https:\/\/www.fuldaernachrichten.de\/index.php?rest_route=\/wp\/v2\/posts\/6737\/revisions"}],"wp:attachment":[{"href":"https:\/\/www.fuldaernachrichten.de\/index.php?rest_route=%2Fwp%2Fv2%2Fmedia&parent=6737"}],"wp:term":[{"taxonomy":"category","embeddable":true,"href":"https:\/\/www.fuldaernachrichten.de\/index.php?rest_route=%2Fwp%2Fv2%2Fcategories&post=6737"},{"taxonomy":"post_tag","embeddable":true,"href":"https:\/\/www.fuldaernachrichten.de\/index.php?rest_route=%2Fwp%2Fv2%2Ftags&post=6737"}],"curies":[{"name":"wp","href":"https:\/\/api.w.org\/{rel}","templated":true}]}}