{"id":67369,"date":"2010-08-21T01:40:42","date_gmt":"2010-08-20T23:40:42","guid":{"rendered":"http:\/\/www.fuldaer-nachrichten.de\/?p=67369"},"modified":"2010-08-21T08:40:51","modified_gmt":"2010-08-21T06:40:51","slug":"einsatzuebung-der-ff-ahlersbach-ausbildungswoche-fuer-die-atemschutzgeraetetraeger","status":"publish","type":"post","link":"https:\/\/www.fuldaernachrichten.de\/?p=67369","title":{"rendered":"Einsatz\u00fcbung der FF Ahlersbach &#8211; Ausbildungswoche f\u00fcr die Atemschutzger\u00e4tetr\u00e4ger"},"content":{"rendered":"<p><strong><a href=\"http:\/\/www.fuldaer-nachrichten.de\/wp-content\/uploads\/2010\/08\/100819_Innenangrif_005.jpg\"><img decoding=\"async\" class=\"alignleft size-thumbnail wp-image-67373\" title=\"100819_Innenangrif_005\" src=\"http:\/\/www.fuldaer-nachrichten.de\/wp-content\/uploads\/2010\/08\/100819_Innenangrif_005-265x175.jpg\" alt=\"\" width=\"265\" height=\"175\" srcset=\"https:\/\/www.fuldaernachrichten.de\/wp-content\/uploads\/2010\/08\/100819_Innenangrif_005-265x175.jpg 265w, https:\/\/www.fuldaernachrichten.de\/wp-content\/uploads\/2010\/08\/100819_Innenangrif_005.jpg 592w\" sizes=\"(max-width: 265px) 100vw, 265px\" \/><\/a>Schl\u00fcchtern-Ahlersbach. <\/strong>In der vergangenen Woche trafen sich die Atemschutzger\u00e4tetr\u00e4ger der FF Ahlersbach und Kameraden die demn\u00e4chst den Lehrgang besuchen werden zu zus\u00e4tzlichen \u00dcbungen. Themen waren unter anderem das Absuchen von R\u00e4umen bei sehr schlechter Sicht, das \u00d6ffnen von T\u00fcren, der Umgang mit Hohlstrahlrohren im Innenangriff, die Atemschutz\u00fcberwachung und die Einhaltung der Einsatzgrunds\u00e4tze im Bereich Atemschutz. Michael Eberhardt hatte hierzu 3 verschiedene Unterrichts- und \u00dcbungsabende vorbereitet. F\u00fcr die Personensuche stellte uns Fa. HMF Henning ihre Fertigungshalle zur Verf\u00fcgung. Den Abschlu\u00df der Woche bildete dann eine Einsatz\u00fcbung der ganzen Wehr. Angenommen wurde hier eine Fettexplosion in der K\u00fcche des Dorfgemeinschaftshauses. <!--more--><\/p>\n<p>Die Einsatzkr\u00e4fte wurden von einem unter Schock stehenden Anwohner empfangen. Dieser erz\u00e4hlte von einer K\u00fcchencrew die er f\u00fcr seine Party gemietet habe und Feuer aus der K\u00fcche. Nach wenigen Minuten Vorbereitung ging ein Trupp unter PA ins Geb\u00e4ude vor. Schon im Treppenhaus traf dieser auf das K\u00fcchenpersonal. Die Verletzten, gespielt vom RUD-TEAM des Malteser Hilfsdienstes Petersberg, wurden ins Freie gebracht und mu\u00dften hier von weiteren Kameraden versorgt werden. Dank guter schauspielerischer Leistungen und realistisch geschminkten Wunden keine ganz einfache Aufgabe f\u00fcr den Trupp. Der Brand in der K\u00fcche wurde w\u00e4hrend dessen von 2 Trupps unter PA gel\u00f6scht und das Geb\u00e4ude bel\u00fcftet.<\/p>\n<p><a href=\"http:\/\/www.fuldaer-nachrichten.de\/wp-content\/uploads\/2010\/08\/100819_Innenangrif_002.jpg\"><img decoding=\"async\" class=\"alignnone size-thumbnail wp-image-67371\" title=\"100819_Innenangrif_002\" src=\"http:\/\/www.fuldaer-nachrichten.de\/wp-content\/uploads\/2010\/08\/100819_Innenangrif_002-265x175.jpg\" alt=\"\" width=\"265\" height=\"186\" \/><\/a> <a href=\"http:\/\/www.fuldaer-nachrichten.de\/wp-content\/uploads\/2010\/08\/100819_Innenangrif_004.jpg\"><img decoding=\"async\" class=\"alignnone size-thumbnail wp-image-67372\" title=\"100819_Innenangrif_004\" src=\"http:\/\/www.fuldaer-nachrichten.de\/wp-content\/uploads\/2010\/08\/100819_Innenangrif_004-265x198.jpg\" alt=\"\" width=\"265\" height=\"187\" \/><\/a><\/p>\n<p>In der anschlie\u00dfenden Nachbesprechung gingen die \u00dcbungsbeobachter von Maltesern (Alexander Zippel) und Feuerwehr (Michael Eberhardt) auf die verschiedenen Teilbereiche ein und sprachen von einer insgesamt guten Leistung.\u00c2\u00a0 Von allen \u00dcbungsteilnehmern wurde die sehr gute Darstellung der Lage gelobt. Trotz ernstem Hintergrund hatten alle auch Spa\u00df bei der Sache. Zum Abschlu\u00df gab es noch W\u00fcrstchen vom Grill f\u00fcr alle. Die FF Ahlersbach dankt dem RUD-TEAM der Malteser Petersberg f\u00fcr die Unterst\u00fctzung.<\/p>\n<p><a href=\"http:\/\/www.fuldaer-nachrichten.de\/wp-content\/uploads\/2010\/08\/100819_Innenangrif_011.jpg\"><img loading=\"lazy\" decoding=\"async\" class=\"alignnone size-thumbnail wp-image-67381\" title=\"100819_Innenangrif_011\" src=\"http:\/\/www.fuldaer-nachrichten.de\/wp-content\/uploads\/2010\/08\/100819_Innenangrif_011-265x399.jpg\" alt=\"\" width=\"265\" height=\"399\" srcset=\"https:\/\/www.fuldaernachrichten.de\/wp-content\/uploads\/2010\/08\/100819_Innenangrif_011-265x399.jpg 265w, https:\/\/www.fuldaernachrichten.de\/wp-content\/uploads\/2010\/08\/100819_Innenangrif_011.jpg 399w\" sizes=\"(max-width: 265px) 100vw, 265px\" \/><\/a> <a href=\"http:\/\/www.fuldaer-nachrichten.de\/wp-content\/uploads\/2010\/08\/100819_Innenangrif_007.jpg\"><img loading=\"lazy\" decoding=\"async\" class=\"alignnone size-thumbnail wp-image-67377\" title=\"100819_Innenangrif_007\" src=\"http:\/\/www.fuldaer-nachrichten.de\/wp-content\/uploads\/2010\/08\/100819_Innenangrif_007-265x399.jpg\" alt=\"\" width=\"265\" height=\"399\" srcset=\"https:\/\/www.fuldaernachrichten.de\/wp-content\/uploads\/2010\/08\/100819_Innenangrif_007-265x399.jpg 265w, https:\/\/www.fuldaernachrichten.de\/wp-content\/uploads\/2010\/08\/100819_Innenangrif_007.jpg 399w\" sizes=\"(max-width: 265px) 100vw, 265px\" \/><\/a><\/p>\n<p><a href=\"http:\/\/www.fuldaer-nachrichten.de\/wp-content\/uploads\/2010\/08\/100819_Innenangrif_009.jpg\"><img loading=\"lazy\" decoding=\"async\" class=\"alignnone size-thumbnail wp-image-67379\" title=\"100819_Innenangrif_009\" src=\"http:\/\/www.fuldaer-nachrichten.de\/wp-content\/uploads\/2010\/08\/100819_Innenangrif_009-265x175.jpg\" alt=\"\" width=\"265\" height=\"175\" srcset=\"https:\/\/www.fuldaernachrichten.de\/wp-content\/uploads\/2010\/08\/100819_Innenangrif_009-265x175.jpg 265w, https:\/\/www.fuldaernachrichten.de\/wp-content\/uploads\/2010\/08\/100819_Innenangrif_009.jpg 592w\" sizes=\"(max-width: 265px) 100vw, 265px\" \/><\/a> <a href=\"http:\/\/www.fuldaer-nachrichten.de\/wp-content\/uploads\/2010\/08\/100819_Innenangrif_010.jpg\"><img loading=\"lazy\" decoding=\"async\" class=\"alignnone size-thumbnail wp-image-67380\" title=\"100819_Innenangrif_010\" src=\"http:\/\/www.fuldaer-nachrichten.de\/wp-content\/uploads\/2010\/08\/100819_Innenangrif_010-265x198.jpg\" alt=\"\" width=\"265\" height=\"198\" srcset=\"https:\/\/www.fuldaernachrichten.de\/wp-content\/uploads\/2010\/08\/100819_Innenangrif_010-265x198.jpg 265w, https:\/\/www.fuldaernachrichten.de\/wp-content\/uploads\/2010\/08\/100819_Innenangrif_010.jpg 592w\" sizes=\"(max-width: 265px) 100vw, 265px\" \/><\/a><\/p>\n<p><a href=\"http:\/\/www.fuldaer-nachrichten.de\/wp-content\/uploads\/2010\/08\/100819_Innenangrif_008.jpg\"><img loading=\"lazy\" decoding=\"async\" class=\"alignnone size-thumbnail wp-image-67378\" title=\"100819_Innenangrif_008\" src=\"http:\/\/www.fuldaer-nachrichten.de\/wp-content\/uploads\/2010\/08\/100819_Innenangrif_008-265x198.jpg\" alt=\"\" width=\"265\" height=\"198\" srcset=\"https:\/\/www.fuldaernachrichten.de\/wp-content\/uploads\/2010\/08\/100819_Innenangrif_008-265x198.jpg 265w, https:\/\/www.fuldaernachrichten.de\/wp-content\/uploads\/2010\/08\/100819_Innenangrif_008.jpg 592w\" sizes=\"(max-width: 265px) 100vw, 265px\" \/><\/a> <a href=\"http:\/\/www.fuldaer-nachrichten.de\/wp-content\/uploads\/2010\/08\/100819_Innenangrif_0061.jpg\"><img loading=\"lazy\" decoding=\"async\" class=\"alignnone size-thumbnail wp-image-67376\" title=\"100819_Innenangrif_006\" src=\"http:\/\/www.fuldaer-nachrichten.de\/wp-content\/uploads\/2010\/08\/100819_Innenangrif_0061-265x198.jpg\" alt=\"\" width=\"265\" height=\"198\" srcset=\"https:\/\/www.fuldaernachrichten.de\/wp-content\/uploads\/2010\/08\/100819_Innenangrif_0061-265x198.jpg 265w, https:\/\/www.fuldaernachrichten.de\/wp-content\/uploads\/2010\/08\/100819_Innenangrif_0061.jpg 592w\" sizes=\"(max-width: 265px) 100vw, 265px\" \/><\/a><\/p>\n","protected":false},"excerpt":{"rendered":"<div class=\"tmnf_excerpt\"><p>Schl\u00fcchtern-Ahlersbach. In der vergangenen Woche trafen sich die Atemschutzger\u00e4tetr\u00e4ger der FF Ahlersbach und Kameraden die demn\u00e4chst den Lehrgang besuchen werden zu zus\u00e4tzlichen \u00dcbungen. Themen waren unter anderem das Absuchen von R\u00e4umen bei sehr schlechter Sicht, das \u00d6ffnen von T\u00fcren, der Umgang mit Hohlstrahlrohren im Innenangriff, die Atemschutz\u00fcberwachung und die Einhaltung der Einsatzgrunds\u00e4tze im Bereich Atemschutz. &hellip;<\/p>\n<\/div>","protected":false},"author":1,"featured_media":0,"comment_status":"closed","ping_status":"closed","sticky":false,"template":"","format":"standard","meta":{"footnotes":""},"categories":[1,71],"tags":[],"class_list":["post-67369","post","type-post","status-publish","format-standard","hentry","category-startseite","category-feuerwehr"],"_links":{"self":[{"href":"https:\/\/www.fuldaernachrichten.de\/index.php?rest_route=\/wp\/v2\/posts\/67369","targetHints":{"allow":["GET"]}}],"collection":[{"href":"https:\/\/www.fuldaernachrichten.de\/index.php?rest_route=\/wp\/v2\/posts"}],"about":[{"href":"https:\/\/www.fuldaernachrichten.de\/index.php?rest_route=\/wp\/v2\/types\/post"}],"author":[{"embeddable":true,"href":"https:\/\/www.fuldaernachrichten.de\/index.php?rest_route=\/wp\/v2\/users\/1"}],"replies":[{"embeddable":true,"href":"https:\/\/www.fuldaernachrichten.de\/index.php?rest_route=%2Fwp%2Fv2%2Fcomments&post=67369"}],"version-history":[{"count":3,"href":"https:\/\/www.fuldaernachrichten.de\/index.php?rest_route=\/wp\/v2\/posts\/67369\/revisions"}],"predecessor-version":[{"id":67497,"href":"https:\/\/www.fuldaernachrichten.de\/index.php?rest_route=\/wp\/v2\/posts\/67369\/revisions\/67497"}],"wp:attachment":[{"href":"https:\/\/www.fuldaernachrichten.de\/index.php?rest_route=%2Fwp%2Fv2%2Fmedia&parent=67369"}],"wp:term":[{"taxonomy":"category","embeddable":true,"href":"https:\/\/www.fuldaernachrichten.de\/index.php?rest_route=%2Fwp%2Fv2%2Fcategories&post=67369"},{"taxonomy":"post_tag","embeddable":true,"href":"https:\/\/www.fuldaernachrichten.de\/index.php?rest_route=%2Fwp%2Fv2%2Ftags&post=67369"}],"curies":[{"name":"wp","href":"https:\/\/api.w.org\/{rel}","templated":true}]}}