{"id":6736,"date":"2007-12-02T01:00:31","date_gmt":"2007-12-02T00:00:31","guid":{"rendered":"http:\/\/www.schoene-nachrichten.de\/?p=6736"},"modified":"2007-12-02T00:33:41","modified_gmt":"2007-12-01T23:33:41","slug":"anna-amalia-bibliothek-oeffnet-regulaer-fuer-besucher","status":"publish","type":"post","link":"https:\/\/www.fuldaernachrichten.de\/?p=6736","title":{"rendered":"Anna Amalia Bibliothek \u00f6ffnet regul\u00e4r f\u00fcr Besucher"},"content":{"rendered":"<p class=\"articletitle_contentCulture\"><strong>Tipp.<\/strong> In der nach umfangreichen Restaurierungsarbeiten wiederer\u00f6ffneten Herzogin Anna Amalia Bibliothek in Weimar hat gestern der regul\u00e4re Besucherbetrieb begonnen. F\u00fcr Dezember seien bereits nahezu alle Eintrittskarten f\u00fcr den Rokokosaal verkauft worden, sagte Margit Adler von der Klassik Stiftung Weimar am Samstag.<!--more--><\/p>\n<p class=\"articleimage_caption_contentCulture\">Mit Beginn des Besucherbetriebes im Historischen Geb\u00e4ude ist das Haus der Stiftung zufolge von Dienstag bis Sonntag zwischen 10.00 und 14.30 Uhr f\u00fcr Einzelbesucher und zwischen 15.00 und 17.00 Uhr f\u00fcr angemeldete Gruppen ge\u00f6ffnet. Zu besichtigen ist neben dem Rokokosaal auch der Renaissancesaal im Erdgeschoss. In diesem ist bis August 2008 die Ausstellung &#8220;Welt der Wiegendrucke &#8211; Die ersten gedruckten B\u00fccher der Herzogin Anna Amalia Bibliothek&#8221; zu sehen.<\/p>\n<p class=\"articletext_contentCulture\">Der \u00fcber 400 Jahre alte Bibliotheksbau war bei einem Brand Anfang September 2004 teilweise zerst\u00f6rt worden. Seit August 2005 wurde das Geb\u00e4ude saniert und restauriert. Am 24. Oktober wurde das Stammhaus der Bibliothek feierlich wiederer\u00f6ffnet.<\/p>\n","protected":false},"excerpt":{"rendered":"<div class=\"tmnf_excerpt\"><p>Tipp. In der nach umfangreichen Restaurierungsarbeiten wiederer\u00f6ffneten Herzogin Anna Amalia Bibliothek in Weimar hat gestern der regul\u00e4re Besucherbetrieb begonnen. F\u00fcr Dezember seien bereits nahezu alle Eintrittskarten f\u00fcr den Rokokosaal verkauft worden, sagte Margit Adler von der Klassik Stiftung Weimar am Samstag.<\/p>\n<\/div>","protected":false},"author":1,"featured_media":0,"comment_status":"closed","ping_status":"closed","sticky":false,"template":"","format":"standard","meta":{"footnotes":""},"categories":[1,53,44],"tags":[],"class_list":["post-6736","post","type-post","status-publish","format-standard","hentry","category-startseite","category-bildung","category-kultur"],"_links":{"self":[{"href":"https:\/\/www.fuldaernachrichten.de\/index.php?rest_route=\/wp\/v2\/posts\/6736","targetHints":{"allow":["GET"]}}],"collection":[{"href":"https:\/\/www.fuldaernachrichten.de\/index.php?rest_route=\/wp\/v2\/posts"}],"about":[{"href":"https:\/\/www.fuldaernachrichten.de\/index.php?rest_route=\/wp\/v2\/types\/post"}],"author":[{"embeddable":true,"href":"https:\/\/www.fuldaernachrichten.de\/index.php?rest_route=\/wp\/v2\/users\/1"}],"replies":[{"embeddable":true,"href":"https:\/\/www.fuldaernachrichten.de\/index.php?rest_route=%2Fwp%2Fv2%2Fcomments&post=6736"}],"version-history":[{"count":0,"href":"https:\/\/www.fuldaernachrichten.de\/index.php?rest_route=\/wp\/v2\/posts\/6736\/revisions"}],"wp:attachment":[{"href":"https:\/\/www.fuldaernachrichten.de\/index.php?rest_route=%2Fwp%2Fv2%2Fmedia&parent=6736"}],"wp:term":[{"taxonomy":"category","embeddable":true,"href":"https:\/\/www.fuldaernachrichten.de\/index.php?rest_route=%2Fwp%2Fv2%2Fcategories&post=6736"},{"taxonomy":"post_tag","embeddable":true,"href":"https:\/\/www.fuldaernachrichten.de\/index.php?rest_route=%2Fwp%2Fv2%2Ftags&post=6736"}],"curies":[{"name":"wp","href":"https:\/\/api.w.org\/{rel}","templated":true}]}}