{"id":67359,"date":"2010-08-21T01:38:48","date_gmt":"2010-08-20T23:38:48","guid":{"rendered":"http:\/\/www.fuldaer-nachrichten.de\/?p=67359"},"modified":"2010-08-21T08:39:02","modified_gmt":"2010-08-21T06:39:02","slug":"video-workshop-fuer-jugendliche-ein-kurzfilm-wird-geplant-und-gedreht","status":"publish","type":"post","link":"https:\/\/www.fuldaernachrichten.de\/?p=67359","title":{"rendered":"Video-Workshop f\u00fcr Jugendliche: ein Kurzfilm wird geplant und gedreht"},"content":{"rendered":"<p><strong>Vogelsbergkreis.<\/strong> Die Arbeit vor und hinter der Kamera steht im Mittelpunkt eines Drei-Tage-Seminars f\u00fcr 12- bis 15-J\u00e4hrige, das vom 17. bis 19. September im Kreisjugendheim Landenhausen stattfindet. Das Team des Vogelsberger Jugendbildungswerks m\u00f6chte an diesem Wochenende mit den Jugendlichen zusammen Ideen f\u00fcr einen Kurzfilm entwickeln, die dann sp\u00e4ter beim Dreh auch umgesetzt werden. Kameraf\u00fchrung, Einstellung, Ton, Licht und Schnitttechnik \u2013 \u00fcber all das kann man eine Menge lernen. Wichtiger Hinweis: Es sind auch diejenigen herzlich eingeladen, die \u201enur vor\u201c der Kamera \u2013 als Darsteller \u2013 stehen m\u00f6chten. Den fertigen Film gibt es anschlie\u00dfend auf DVD mit nach Hause. Es sind noch Pl\u00e4tze frei. Informationen und Anmeldungen \u00fcber Telefon 06641 \/ 977-431 oder 977-432.<\/p>\n","protected":false},"excerpt":{"rendered":"<div class=\"tmnf_excerpt\"><p>Vogelsbergkreis. Die Arbeit vor und hinter der Kamera steht im Mittelpunkt eines Drei-Tage-Seminars f\u00fcr 12- bis 15-J\u00e4hrige, das vom 17. bis 19. September im Kreisjugendheim Landenhausen stattfindet. Das Team des Vogelsberger Jugendbildungswerks m\u00f6chte an diesem Wochenende mit den Jugendlichen zusammen Ideen f\u00fcr einen Kurzfilm entwickeln, die dann sp\u00e4ter beim Dreh auch umgesetzt werden. Kameraf\u00fchrung, Einstellung, &hellip;<\/p>\n<\/div>","protected":false},"author":1,"featured_media":0,"comment_status":"closed","ping_status":"closed","sticky":false,"template":"","format":"standard","meta":{"footnotes":""},"categories":[1,72],"tags":[],"class_list":["post-67359","post","type-post","status-publish","format-standard","hentry","category-startseite","category-jugend"],"_links":{"self":[{"href":"https:\/\/www.fuldaernachrichten.de\/index.php?rest_route=\/wp\/v2\/posts\/67359","targetHints":{"allow":["GET"]}}],"collection":[{"href":"https:\/\/www.fuldaernachrichten.de\/index.php?rest_route=\/wp\/v2\/posts"}],"about":[{"href":"https:\/\/www.fuldaernachrichten.de\/index.php?rest_route=\/wp\/v2\/types\/post"}],"author":[{"embeddable":true,"href":"https:\/\/www.fuldaernachrichten.de\/index.php?rest_route=\/wp\/v2\/users\/1"}],"replies":[{"embeddable":true,"href":"https:\/\/www.fuldaernachrichten.de\/index.php?rest_route=%2Fwp%2Fv2%2Fcomments&post=67359"}],"version-history":[{"count":4,"href":"https:\/\/www.fuldaernachrichten.de\/index.php?rest_route=\/wp\/v2\/posts\/67359\/revisions"}],"predecessor-version":[{"id":67493,"href":"https:\/\/www.fuldaernachrichten.de\/index.php?rest_route=\/wp\/v2\/posts\/67359\/revisions\/67493"}],"wp:attachment":[{"href":"https:\/\/www.fuldaernachrichten.de\/index.php?rest_route=%2Fwp%2Fv2%2Fmedia&parent=67359"}],"wp:term":[{"taxonomy":"category","embeddable":true,"href":"https:\/\/www.fuldaernachrichten.de\/index.php?rest_route=%2Fwp%2Fv2%2Fcategories&post=67359"},{"taxonomy":"post_tag","embeddable":true,"href":"https:\/\/www.fuldaernachrichten.de\/index.php?rest_route=%2Fwp%2Fv2%2Ftags&post=67359"}],"curies":[{"name":"wp","href":"https:\/\/api.w.org\/{rel}","templated":true}]}}