{"id":6735,"date":"2007-12-01T15:29:18","date_gmt":"2007-12-01T14:29:18","guid":{"rendered":"http:\/\/www.schoene-nachrichten.de\/?p=6735"},"modified":"2007-12-01T15:29:18","modified_gmt":"2007-12-01T14:29:18","slug":"am-brandenburger-tor-ins-neue-jahr-tanzen","status":"publish","type":"post","link":"https:\/\/www.fuldaernachrichten.de\/?p=6735","title":{"rendered":"Am Brandenburger Tor ins neue Jahr tanzen"},"content":{"rendered":"<p><strong>Tipp.<\/strong> In Berlin wird mittlerweile traditionell das neue Jahr unterm Sternenhimmel begr\u00fc\u00dft: Auf der Stra\u00dfe des 17. Juni, die sich zwischen Brandenburger Tor und Siegess\u00e4ule erstreckt, findet in der Nacht vom 31. Dezember 2007 zum 1. Januar 2008 eine gro\u00dfe Open-Air-Party statt.<!--more--><\/p>\n<p>Showb\u00fchnen mit Musik-Acts und DJ\u00c2\u00b4s, internationale Gastronomie, Laser-Shows und Lichtanimationen sorgen daf\u00fcr, dass den Besuchern das Warten auf den Jahreswechsel nicht langweilig wird. Um Mitternacht wird das Jahr 2008 mit einem spektakul\u00e4ren Silvesterfeuerwerk begr\u00fc\u00dft. Wer sich dann immer noch auf den Beinen halten kann, kann bis zum Morgengrauen unter freiem Himmel zu Disko-Musik tanzen. Zur letzten Jahreswende feierten auf der Stra\u00dfe des 17. Juni rund eine Million Menschen ins neue Jahr.<\/p>\n<p>Weitere Informationen: Berlin Tourismus Marketing GmbH, Am Karlsbad 11, 10785 Berlin, Tel.: 030\/250025, Fax: 030\/25002424, E-Mail: <a href=\"mailto:information@btm.de\">information@btm.de<\/a>, <a target=\"_blank\" href=\"http:\/\/www.berlin-tourist-information.de\">www.berlin-tourist-information.de<\/a><\/p>\n","protected":false},"excerpt":{"rendered":"<div class=\"tmnf_excerpt\"><p>Tipp. In Berlin wird mittlerweile traditionell das neue Jahr unterm Sternenhimmel begr\u00fc\u00dft: Auf der Stra\u00dfe des 17. Juni, die sich zwischen Brandenburger Tor und Siegess\u00e4ule erstreckt, findet in der Nacht vom 31. Dezember 2007 zum 1. Januar 2008 eine gro\u00dfe Open-Air-Party statt.<\/p>\n<\/div>","protected":false},"author":1,"featured_media":0,"comment_status":"closed","ping_status":"closed","sticky":false,"template":"","format":"standard","meta":{"footnotes":""},"categories":[1,44],"tags":[],"class_list":["post-6735","post","type-post","status-publish","format-standard","hentry","category-startseite","category-kultur"],"_links":{"self":[{"href":"https:\/\/www.fuldaernachrichten.de\/index.php?rest_route=\/wp\/v2\/posts\/6735","targetHints":{"allow":["GET"]}}],"collection":[{"href":"https:\/\/www.fuldaernachrichten.de\/index.php?rest_route=\/wp\/v2\/posts"}],"about":[{"href":"https:\/\/www.fuldaernachrichten.de\/index.php?rest_route=\/wp\/v2\/types\/post"}],"author":[{"embeddable":true,"href":"https:\/\/www.fuldaernachrichten.de\/index.php?rest_route=\/wp\/v2\/users\/1"}],"replies":[{"embeddable":true,"href":"https:\/\/www.fuldaernachrichten.de\/index.php?rest_route=%2Fwp%2Fv2%2Fcomments&post=6735"}],"version-history":[{"count":0,"href":"https:\/\/www.fuldaernachrichten.de\/index.php?rest_route=\/wp\/v2\/posts\/6735\/revisions"}],"wp:attachment":[{"href":"https:\/\/www.fuldaernachrichten.de\/index.php?rest_route=%2Fwp%2Fv2%2Fmedia&parent=6735"}],"wp:term":[{"taxonomy":"category","embeddable":true,"href":"https:\/\/www.fuldaernachrichten.de\/index.php?rest_route=%2Fwp%2Fv2%2Fcategories&post=6735"},{"taxonomy":"post_tag","embeddable":true,"href":"https:\/\/www.fuldaernachrichten.de\/index.php?rest_route=%2Fwp%2Fv2%2Ftags&post=6735"}],"curies":[{"name":"wp","href":"https:\/\/api.w.org\/{rel}","templated":true}]}}