{"id":67331,"date":"2010-08-21T00:43:00","date_gmt":"2010-08-20T22:43:00","guid":{"rendered":"http:\/\/www.fuldaer-nachrichten.de\/?p=67331"},"modified":"2010-08-21T08:47:06","modified_gmt":"2010-08-21T06:47:06","slug":"tag-der-offenen-tuer-im-neuro-spine-center-am-samstag-28-august","status":"publish","type":"post","link":"https:\/\/www.fuldaernachrichten.de\/?p=67331","title":{"rendered":"Tag der offenen T\u00fcr im Neuro-Spine-Center am Samstag 28. August"},"content":{"rendered":"<p><strong><a href=\"http:\/\/www.fuldaer-nachrichten.de\/wp-content\/uploads\/2010\/08\/100819_Center.jpg\"><\/a><a href=\"http:\/\/www.fuldaer-nachrichten.de\/wp-content\/uploads\/2010\/08\/100821_NSC.jpg\"><img decoding=\"async\" class=\"alignnone size-thumbnail wp-image-67501\" title=\"100821_NSC\" src=\"http:\/\/www.fuldaer-nachrichten.de\/wp-content\/uploads\/2010\/08\/100821_NSC.jpg\" alt=\"\" width=\"560\" srcset=\"https:\/\/www.fuldaernachrichten.de\/wp-content\/uploads\/2010\/08\/100821_NSC.jpg 592w, https:\/\/www.fuldaernachrichten.de\/wp-content\/uploads\/2010\/08\/100821_NSC-265x175.jpg 265w\" sizes=\"(max-width: 592px) 100vw, 592px\" \/><\/a><br \/>\n<\/strong><\/p>\n<p><strong>Fulda. <\/strong>Interessante Einblicke in das Neuro-Spine-Center Dr. Al-Hami gibt es am Samstag, dem 28. August, bei einem Tag der offenen T\u00fcr. Zwischen 14.00 und 18.00 Uhr gew\u00e4hren Neurochirurg Dr. Samir Al-Hami sowie sein \u00c4rzte- und Pflegeteam einen Blick hinter die Kulissen der Privatklinik, die sich auf Erkrankungen der Wirbels\u00e4ule und Nerven spezialisiert hat. Zum Programm geh\u00f6ren neben Vortr\u00e4gen und Gesundheitschecks auch zahlreiche praktische Vorf\u00fchrungen. Da der Tag der offenen T\u00fcr unter dem Motto \u201eFeuer, Sturz und Unfall \u2013 Wie reagiere ich richtig?\u201c steht, bekommen die Besucherinnen und Besucher neben Informationen zum Leistungsspektrum der Klinik auch eine Auffrischung ihrer \u201eErste-Hilfe-Kenntnisse\u201c. Als Partner sind die Feuerwehr Fulda und das Deutsche Rote Kreuz im Boot.<!--more--><\/p>\n<p>Daher steht eine Rettungsaktion der Feuerwehr auf dem Parkplatz der Klinik ebenso auf dem Programm wie Erste-Hilfe-Stationen &#8211; beispielsweise Herz-Lungen-Wiederbelebung, stabilen Seitenlage oder Helmabnahme. Der Erste-Hilfe-Parcours kann in der benachbarten M\u00fcnsterfeldhalle absolviert werden. Dort werden auch die Gesundheitschecks wie Blutzucker- und Blutdruckmessung sowie eine R\u00fcckenschule angeboten.<\/p>\n<p>Im Neuro-Spine-Center stehen die T\u00fcren von Praxis und Ambulanz, Pflegestation und Operationssaal offen \u2013 es werden F\u00fchrungen angeboten. An\u00e4sthesisten werden dar\u00fcber Auskunft geben, wie eine Narkose abl\u00e4uft; Neurochirurgen informieren \u00fcber die Vorgehensweise bei Wirbels\u00e4ulen-Operationen.<\/p>\n<p>Des Weiteren sind drei Kurzvortr\u00e4ge im Business Club geplant. Gestartet wird um 14.00 Uhr mit der Vorstellung des Neuro-Spine-Centers. Um 15.00 Uhr beginnt der Vortrag zum Thema \u201eEs brennt \u2013 und nun?\u201c. Eine Stunde sp\u00e4ter hei\u00dft es \u201eHerzschmerzen, Atemnot, Unfall \u2013 Wie verhalte ich mich richtig?\u201c. F\u00fcr Fragen und pers\u00f6nliche Gespr\u00e4che stehen die \u00c4rzte und das Pflegepersonal gerne zur Verf\u00fcgung. Ein Kinderprogramm, Kaffee und Kuchen sowie Essen vom Grill runden den Nachmittag ab. Der Erl\u00f6s aus dem Verkauf von Speisen und Getr\u00e4nken kommt dem Verein Kairo Kinderklinik e.V. zugute.<\/p>\n","protected":false},"excerpt":{"rendered":"<div class=\"tmnf_excerpt\"><p>Fulda. Interessante Einblicke in das Neuro-Spine-Center Dr. Al-Hami gibt es am Samstag, dem 28. August, bei einem Tag der offenen T\u00fcr. Zwischen 14.00 und 18.00 Uhr gew\u00e4hren Neurochirurg Dr. Samir Al-Hami sowie sein \u00c4rzte- und Pflegeteam einen Blick hinter die Kulissen der Privatklinik, die sich auf Erkrankungen der Wirbels\u00e4ule und Nerven spezialisiert hat. Zum Programm &hellip;<\/p>\n<\/div>","protected":false},"author":1,"featured_media":0,"comment_status":"closed","ping_status":"closed","sticky":false,"template":"","format":"standard","meta":{"footnotes":""},"categories":[1,51,78],"tags":[],"class_list":["post-67331","post","type-post","status-publish","format-standard","hentry","category-startseite","category-medizin","category-topthema"],"_links":{"self":[{"href":"https:\/\/www.fuldaernachrichten.de\/index.php?rest_route=\/wp\/v2\/posts\/67331","targetHints":{"allow":["GET"]}}],"collection":[{"href":"https:\/\/www.fuldaernachrichten.de\/index.php?rest_route=\/wp\/v2\/posts"}],"about":[{"href":"https:\/\/www.fuldaernachrichten.de\/index.php?rest_route=\/wp\/v2\/types\/post"}],"author":[{"embeddable":true,"href":"https:\/\/www.fuldaernachrichten.de\/index.php?rest_route=\/wp\/v2\/users\/1"}],"replies":[{"embeddable":true,"href":"https:\/\/www.fuldaernachrichten.de\/index.php?rest_route=%2Fwp%2Fv2%2Fcomments&post=67331"}],"version-history":[{"count":3,"href":"https:\/\/www.fuldaernachrichten.de\/index.php?rest_route=\/wp\/v2\/posts\/67331\/revisions"}],"predecessor-version":[{"id":67503,"href":"https:\/\/www.fuldaernachrichten.de\/index.php?rest_route=\/wp\/v2\/posts\/67331\/revisions\/67503"}],"wp:attachment":[{"href":"https:\/\/www.fuldaernachrichten.de\/index.php?rest_route=%2Fwp%2Fv2%2Fmedia&parent=67331"}],"wp:term":[{"taxonomy":"category","embeddable":true,"href":"https:\/\/www.fuldaernachrichten.de\/index.php?rest_route=%2Fwp%2Fv2%2Fcategories&post=67331"},{"taxonomy":"post_tag","embeddable":true,"href":"https:\/\/www.fuldaernachrichten.de\/index.php?rest_route=%2Fwp%2Fv2%2Ftags&post=67331"}],"curies":[{"name":"wp","href":"https:\/\/api.w.org\/{rel}","templated":true}]}}