{"id":67327,"date":"2010-08-19T01:47:20","date_gmt":"2010-08-18T23:47:20","guid":{"rendered":"http:\/\/www.fuldaer-nachrichten.de\/?p=67327"},"modified":"2010-08-19T07:47:26","modified_gmt":"2010-08-19T05:47:26","slug":"vhs-kurs-deutsch-fuer-den-alltag-beginnt-am-1-september-in-schlitz","status":"publish","type":"post","link":"https:\/\/www.fuldaernachrichten.de\/?p=67327","title":{"rendered":"vhs-Kurs &#8220;Deutsch f\u00fcr den Alltag&#8221; beginnt am 1. September in Schlitz"},"content":{"rendered":"<p><strong>Schlitz. <\/strong>Dieser Sprachkurs der Volkshochschule des Vogelsbergkreises findet ab Mittwoch, 1. September, von 17.30 bis 19 Uhr in der Dieffenbach-Schule in Schlitz unter Leitung von Frau Lehnhoff statt. Er wendet sich an alle Personen mit geringen Deutschkenntnissen. Ge\u00fcbt wird all das, was im Alltag zur Verst\u00e4ndigung gebraucht wird, sei es die Terminvereinbarung und der Besuch beim Arzt, das Gespr\u00e4ch mit den Lehrern der Kinder, das Verstehen der Hausaufgaben, der Einkauf im Supermarkt, die Bestellung im Restaurant oder auch so wichtige Dinge wie das Absetzen eines Notrufes. <!--more--><\/p>\n<p>Ziel ist es, anhand eines umfangreichen Bild-Wort-Materials mit Hilfe einfacher PC-Programme und anderer Medien die Angst vor der deutschen Sprache zu verlieren und sich verst\u00e4ndigen zu k\u00f6nnen. Auf die Vermittlung eines Grundwortschatzes und einfacher grammatikalischer Strukturen in Wort und Schrift, aber auch auf die Bef\u00e4higung, einfache Texte lesen und verstehen zu k\u00f6nnen, wird Wert gelegt. Dar\u00fcber hinaus soll den Teilnehmerinnen und Teilnehmern Gelegenheit gegeben werden, miteinander zu kommunizieren und \u00fcber ihre Herkunftsl\u00e4nder zu erz\u00e4hlen, aber auch ihre neue Heimatgemeinde und deren kulturelle Angebote und Freizeitm\u00f6glichkeiten in Form von Museumsbesuchen und Stadtbesichtigungen n\u00e4her kennen zu lernen.<\/p>\n<p>Weitere Informationen und Anmeldung bei der vhs, F\u00e4rbergasse 1, 36304 Alsfeld, Tel. 06631 \/ 792-773 oder im Internet unter <a href=\"http:\/\/www.vhs-vogelsberg.de\" target=\"_blank\">www.vhs-vogelsberg.de<\/a><\/p>\n","protected":false},"excerpt":{"rendered":"<div class=\"tmnf_excerpt\"><p>Schlitz. Dieser Sprachkurs der Volkshochschule des Vogelsbergkreises findet ab Mittwoch, 1. September, von 17.30 bis 19 Uhr in der Dieffenbach-Schule in Schlitz unter Leitung von Frau Lehnhoff statt. Er wendet sich an alle Personen mit geringen Deutschkenntnissen. Ge\u00fcbt wird all das, was im Alltag zur Verst\u00e4ndigung gebraucht wird, sei es die Terminvereinbarung und der Besuch &hellip;<\/p>\n<\/div>","protected":false},"author":1,"featured_media":0,"comment_status":"closed","ping_status":"closed","sticky":false,"template":"","format":"standard","meta":{"footnotes":""},"categories":[1],"tags":[],"class_list":["post-67327","post","type-post","status-publish","format-standard","hentry","category-startseite"],"_links":{"self":[{"href":"https:\/\/www.fuldaernachrichten.de\/index.php?rest_route=\/wp\/v2\/posts\/67327","targetHints":{"allow":["GET"]}}],"collection":[{"href":"https:\/\/www.fuldaernachrichten.de\/index.php?rest_route=\/wp\/v2\/posts"}],"about":[{"href":"https:\/\/www.fuldaernachrichten.de\/index.php?rest_route=\/wp\/v2\/types\/post"}],"author":[{"embeddable":true,"href":"https:\/\/www.fuldaernachrichten.de\/index.php?rest_route=\/wp\/v2\/users\/1"}],"replies":[{"embeddable":true,"href":"https:\/\/www.fuldaernachrichten.de\/index.php?rest_route=%2Fwp%2Fv2%2Fcomments&post=67327"}],"version-history":[{"count":2,"href":"https:\/\/www.fuldaernachrichten.de\/index.php?rest_route=\/wp\/v2\/posts\/67327\/revisions"}],"predecessor-version":[{"id":67335,"href":"https:\/\/www.fuldaernachrichten.de\/index.php?rest_route=\/wp\/v2\/posts\/67327\/revisions\/67335"}],"wp:attachment":[{"href":"https:\/\/www.fuldaernachrichten.de\/index.php?rest_route=%2Fwp%2Fv2%2Fmedia&parent=67327"}],"wp:term":[{"taxonomy":"category","embeddable":true,"href":"https:\/\/www.fuldaernachrichten.de\/index.php?rest_route=%2Fwp%2Fv2%2Fcategories&post=67327"},{"taxonomy":"post_tag","embeddable":true,"href":"https:\/\/www.fuldaernachrichten.de\/index.php?rest_route=%2Fwp%2Fv2%2Ftags&post=67327"}],"curies":[{"name":"wp","href":"https:\/\/api.w.org\/{rel}","templated":true}]}}