{"id":6732,"date":"2007-12-01T08:55:23","date_gmt":"2007-12-01T07:55:23","guid":{"rendered":"http:\/\/www.schoene-nachrichten.de\/?p=6732"},"modified":"2007-12-01T08:56:10","modified_gmt":"2007-12-01T07:56:10","slug":"heute-ist-welt-aids-tag-dr-christa-vogel-beraet-seit-20-jahren","status":"publish","type":"post","link":"https:\/\/www.fuldaernachrichten.de\/?p=6732","title":{"rendered":"Heute ist Welt-AIDS-Tag &#8211; Dr. Christa Vogel ber\u00e4t seit 20 Jahren"},"content":{"rendered":"<p><strong><a rel=\"lightbox[roadtrip]\" target=\"_blank\" href=\"http:\/\/www.schoene-nachrichten.de\/wp-content\/uploads\/2007\/12\/071201_welt-aids-tag.jpg\" title=\"071201_welt-aids-tag.jpg\"><img decoding=\"async\" align=\"left\" src=\"http:\/\/www.schoene-nachrichten.de\/wp-content\/uploads\/2007\/12\/071201_welt-aids-tag.thumbnail.jpg\" hspace=\"5\" alt=\"071201_welt-aids-tag.jpg\" \/><\/a>Fulda<\/strong>. Anfang der achtziger Jahre wurden die ersten F\u00e4lle der Immunschw\u00e4chekrankheit AIDS bekannt. Heute, ein Vierteljahrhundert sp\u00e4ter, ist das Thema aktueller denn je. Denn die Zahl der Neuinfektionen nimmt nach Angaben des Robert-Koch-Instituts wieder zu. Etwa 3.000 Menschen haben sich in diesem\u00c2\u00a0Jahr neu infiziert &#8211; rund f\u00fcnf Prozent mehr als im Vorjahr. Die AIDS-Beratungsstelle des Gesundheitsamtes Fulda hat daher den Welt-Aids-Tag am 1. Dezember zum Anlass genommen, auf das Thema aufmerksam zu machen und zur Solidarit\u00e4t mit den Betroffenen aufzurufen.<!--more--><\/p>\n<p>Dr. Christa Vogel, \u00c4rztin im Gesundheitsamt, ber\u00e4t seit 1988 Menschen, die sich einem Infektionsrisiko ausgesetzt beziehungsweise mit dem Virus infiziert haben. Sie ber\u00e4t telefonisch oder pers\u00f6nlich bei allen Fragen, Problemen und \u00c4ngsten in Bezug auf HIV und AIDS. AIDS bezeichnet das sp\u00e4te Stadium einer HIV-Infektion.<\/p>\n<p>\u201eDer Beratungsbedarf\u201c, sagt Dr. Vogel, \u201eist in den vergangenen Jahren deutlich gestiegen.\u201c Fr\u00fcher seien die Menschen zu ihr gekommen, um den anonymen Test zu machen. \u00dcber den Sinn des Tests oder die m\u00f6glichen Konsequenzen sei kaum gesprochen worden. Das Thema \u201eAIDS\u201c war tabu.<\/p>\n<p>Heute besteht ein Gro\u00dfteil ihrer Arbeit darin, mit den Menschen zu reden und sie psychisch zu stabilisieren. \u201eDenn das Warten auf das Testergebnis ist eine Zeit gr\u00f6\u00dfter Unsicherheit\u201c, sagt die \u00c4rztin. \u201eDer HIV-Test kann erst drei Monate nach einer Risikosituation eine Infektion sicher ausschlie\u00dfen. Das Testresultat liegt dagegen drei Tage nach der Blutentnahme vor. Bis dahin sind die Menschen permanent mit ihren \u00c4ngsten konfrontiert.\u201c<\/p>\n<p>Wenn das Ergebnis des Tests \u201epositiv\u201c lautet, dann ist es ihre Aufgabe, die Infizierten aufzufangen und ihnen Mut zu machen. Denn mit einer HIV-Infektion ist das Leben noch lange nicht vorbei. \u201eEs gibt zwar keine Heilung\u201c, so Dr. Vogel, \u201eaber mit modernen Medikamenten, regelm\u00e4\u00dfigen \u00e4rztlichen Kontrollen und Selbstdisziplin k\u00f6nnen Betroffene vergleichsweise lange leben\u201c.<\/p>\n<p>Entscheidenden Einfluss auf die Lebensqualit\u00e4t habe das soziale Umfeld. Doch Ber\u00fchrungs\u00e4ngste im Umgang mit HIV-Infizierten seien selbst nach zwei Jahrzehnten Aufkl\u00e4rungsarbeit in unserer Gesellschaft noch tief verwurzelt. \u201eUm \u00c4ngste abzubauen zu k\u00f6nnen, m\u00fcssen wir sie artikulieren und offen mit ihnen umgehen\u201c, wei\u00df die Medizinerin.<\/p>\n<p>Gesundheitsdezernent Dr. Heiko Wingenfeld erkl\u00e4rt dazu: \u201eJeder HIV-Infizierte und AIDS-Kranke verdient den Respekt unserer Gesellschaft. Wir d\u00fcrfen Betroffene nicht ausgrenzen, sondern m\u00fcssen deren Integration in die Gesellschaft verbessern. Nur wer \u00fcber die Krankheit Bescheid wei\u00df, kann \u00c4ngste abbauen und einen Beitrag zu mehr Toleranz leisten. Zudem kann man sich nur mit dem entsprechenden Wissen angemessen vor Ansteckung sch\u00fctzen.\u201c<\/p>\n<p><strong>Wer Fragen hat, kann sich an Dr. Christa Vogel wenden. Das Angebot der Aids-Beratung ist anonym. Die Kosten f\u00fcr einen HIV-Test betragen 15 Euro. Die Beratung findet montags zwischen 8.00 und 12.00 Uhr statt. Termine k\u00f6nnen unter 0661\/6006-652 vereinbart werden.<\/strong><\/p>\n","protected":false},"excerpt":{"rendered":"<div class=\"tmnf_excerpt\"><p>Fulda. Anfang der achtziger Jahre wurden die ersten F\u00e4lle der Immunschw\u00e4chekrankheit AIDS bekannt. Heute, ein Vierteljahrhundert sp\u00e4ter, ist das Thema aktueller denn je. Denn die Zahl der Neuinfektionen nimmt nach Angaben des Robert-Koch-Instituts wieder zu. Etwa 3.000 Menschen haben sich in diesem\u00c2\u00a0Jahr neu infiziert &#8211; rund f\u00fcnf Prozent mehr als im Vorjahr. Die AIDS-Beratungsstelle des &hellip;<\/p>\n<\/div>","protected":false},"author":1,"featured_media":0,"comment_status":"closed","ping_status":"closed","sticky":false,"template":"","format":"standard","meta":{"footnotes":""},"categories":[1,51,29],"tags":[],"class_list":["post-6732","post","type-post","status-publish","format-standard","hentry","category-startseite","category-medizin","category-politik"],"_links":{"self":[{"href":"https:\/\/www.fuldaernachrichten.de\/index.php?rest_route=\/wp\/v2\/posts\/6732","targetHints":{"allow":["GET"]}}],"collection":[{"href":"https:\/\/www.fuldaernachrichten.de\/index.php?rest_route=\/wp\/v2\/posts"}],"about":[{"href":"https:\/\/www.fuldaernachrichten.de\/index.php?rest_route=\/wp\/v2\/types\/post"}],"author":[{"embeddable":true,"href":"https:\/\/www.fuldaernachrichten.de\/index.php?rest_route=\/wp\/v2\/users\/1"}],"replies":[{"embeddable":true,"href":"https:\/\/www.fuldaernachrichten.de\/index.php?rest_route=%2Fwp%2Fv2%2Fcomments&post=6732"}],"version-history":[{"count":0,"href":"https:\/\/www.fuldaernachrichten.de\/index.php?rest_route=\/wp\/v2\/posts\/6732\/revisions"}],"wp:attachment":[{"href":"https:\/\/www.fuldaernachrichten.de\/index.php?rest_route=%2Fwp%2Fv2%2Fmedia&parent=6732"}],"wp:term":[{"taxonomy":"category","embeddable":true,"href":"https:\/\/www.fuldaernachrichten.de\/index.php?rest_route=%2Fwp%2Fv2%2Fcategories&post=6732"},{"taxonomy":"post_tag","embeddable":true,"href":"https:\/\/www.fuldaernachrichten.de\/index.php?rest_route=%2Fwp%2Fv2%2Ftags&post=6732"}],"curies":[{"name":"wp","href":"https:\/\/api.w.org\/{rel}","templated":true}]}}