{"id":67319,"date":"2010-08-19T02:49:36","date_gmt":"2010-08-19T00:49:36","guid":{"rendered":"http:\/\/www.fuldaer-nachrichten.de\/?p=67319"},"modified":"2010-08-19T07:49:45","modified_gmt":"2010-08-19T05:49:45","slug":"ruecken-fit-seniorengymnastik-im-josefsgarten-3","status":"publish","type":"post","link":"https:\/\/www.fuldaernachrichten.de\/?p=67319","title":{"rendered":"R\u00fccken fit- Seniorengymnastik im Josefsgarten"},"content":{"rendered":"<p><strong>Fulda. <\/strong>Die Fach\u00fcbungsleiterin Kathrin Schirocky bietet ab 27.08.2010 im Mehrgenerationenhaus Fulda, Von-Schildeck-Str. 15a, einen neuen Kurs an. Ziel ist es in den 60 Minuten Kurszeit durch verschiedene Dehnungs- und Kr\u00e4ftigungs\u00fcbungen die R\u00fcckmuskulatur zu st\u00e4rken und den Kreislauf in Schwung\u00c2\u00a0 zu bringen. Der Kurs startet um 10 Uhr. Die 10 Termine kosten je Teilnehmer 60 Euro. Weitere Informationen und Anmeldung unter Telefon 0661\/ 480 299 100.<\/p>\n","protected":false},"excerpt":{"rendered":"<div class=\"tmnf_excerpt\"><p>Fulda. Die Fach\u00fcbungsleiterin Kathrin Schirocky bietet ab 27.08.2010 im Mehrgenerationenhaus Fulda, Von-Schildeck-Str. 15a, einen neuen Kurs an. Ziel ist es in den 60 Minuten Kurszeit durch verschiedene Dehnungs- und Kr\u00e4ftigungs\u00fcbungen die R\u00fcckmuskulatur zu st\u00e4rken und den Kreislauf in Schwung\u00c2\u00a0 zu bringen. Der Kurs startet um 10 Uhr. Die 10 Termine kosten je Teilnehmer 60 Euro. &hellip;<\/p>\n<\/div>","protected":false},"author":1,"featured_media":0,"comment_status":"closed","ping_status":"closed","sticky":false,"template":"","format":"standard","meta":{"footnotes":""},"categories":[1],"tags":[],"class_list":["post-67319","post","type-post","status-publish","format-standard","hentry","category-startseite"],"_links":{"self":[{"href":"https:\/\/www.fuldaernachrichten.de\/index.php?rest_route=\/wp\/v2\/posts\/67319","targetHints":{"allow":["GET"]}}],"collection":[{"href":"https:\/\/www.fuldaernachrichten.de\/index.php?rest_route=\/wp\/v2\/posts"}],"about":[{"href":"https:\/\/www.fuldaernachrichten.de\/index.php?rest_route=\/wp\/v2\/types\/post"}],"author":[{"embeddable":true,"href":"https:\/\/www.fuldaernachrichten.de\/index.php?rest_route=\/wp\/v2\/users\/1"}],"replies":[{"embeddable":true,"href":"https:\/\/www.fuldaernachrichten.de\/index.php?rest_route=%2Fwp%2Fv2%2Fcomments&post=67319"}],"version-history":[{"count":2,"href":"https:\/\/www.fuldaernachrichten.de\/index.php?rest_route=\/wp\/v2\/posts\/67319\/revisions"}],"predecessor-version":[{"id":67338,"href":"https:\/\/www.fuldaernachrichten.de\/index.php?rest_route=\/wp\/v2\/posts\/67319\/revisions\/67338"}],"wp:attachment":[{"href":"https:\/\/www.fuldaernachrichten.de\/index.php?rest_route=%2Fwp%2Fv2%2Fmedia&parent=67319"}],"wp:term":[{"taxonomy":"category","embeddable":true,"href":"https:\/\/www.fuldaernachrichten.de\/index.php?rest_route=%2Fwp%2Fv2%2Fcategories&post=67319"},{"taxonomy":"post_tag","embeddable":true,"href":"https:\/\/www.fuldaernachrichten.de\/index.php?rest_route=%2Fwp%2Fv2%2Ftags&post=67319"}],"curies":[{"name":"wp","href":"https:\/\/api.w.org\/{rel}","templated":true}]}}