{"id":67307,"date":"2010-08-19T02:47:35","date_gmt":"2010-08-19T00:47:35","guid":{"rendered":"http:\/\/www.fuldaer-nachrichten.de\/?p=67307"},"modified":"2010-08-19T07:48:10","modified_gmt":"2010-08-19T05:48:10","slug":"sonderveranstaltungen-zum-700-jaehrigen-jubilaeum-der-verleihung-der-stadtrechte-an-huenfeld","status":"publish","type":"post","link":"https:\/\/www.fuldaernachrichten.de\/?p=67307","title":{"rendered":"Sonderveranstaltungen zum 700-j\u00e4hrigen Jubil\u00e4um der Verleihung der Stadtrechte an H\u00fcnfeld"},"content":{"rendered":"<p><strong>H\u00fcnfeld. <\/strong>Hessens Innenminister Volker Bouffier wird am heutigen Donnerstag, 19.08., ab 19.15 Uhr das 11. H\u00fcnfelder Gaalbernfest offiziell er\u00f6ffnen. Das Fest steht ganz im Zeichen der Feierlichkeiten zum 700j\u00e4hrigen Jubil\u00e4um der Verleihung der Stadtrechte an H\u00fcnfeld. Bereits am Donnerstagnachmittag ab 15 Uhr wird Hessens Wissenschaftsministerin Eva K\u00fchne-H\u00f6rmann an der offiziellen \u00dcbergabe des H\u00fcnfelder Grimmsm\u00e4rchenrundwegs teilnehmen. Dieser M\u00e4rchenrundweg ist mit f\u00fcnf M\u00e4rchenfiguren rund um den Haselsee von f\u00fcnf verschiedenen K\u00fcnstlern jetzt komplett. Vor Ort werden Lesungen an den einzelnen Figuren stattfinden. Die VR-Bank NordRh\u00f6n l\u00e4dt zu Kaffee und Kuchen und die Kinder zu Eis ein. Das 2007 begonnene Projekt der Dr. Hans und Hildegard Medler Stiftung aus H\u00fcnfeld soll deutsche M\u00e4rchenkultur wahren und das Lesen f\u00f6rdern.<!--more--><\/p>\n<p>Eine herausragende Veranstaltung ist auch am Freitag, 20. August, ab 19.30 Uhr die Er\u00f6ffnung einer Ausstellung mit \u201eHistorischen Stadtansichten\u201c im Konrad-Zuse-Museum mit Stadt- und Kreisgeschichte. Dabei wird die Stiftung als Tr\u00e4ger des Museums auch ihren neuen Museumsf\u00fchrer vorstellen, der Auskunft \u00fcber 100 Jahre Museumsarbeit in H\u00fcnfeld gibt. Ab 21.30 Uhr gibt es Stadtf\u00fchrungen in historischen Gew\u00e4ndern zur Nachtzeit.<\/p>\n<p>Ebenfalls am Freitag treffen sich im Lokschuppen Delegationen aus den H\u00fcnfelder Partnerst\u00e4dten Landerneau in der Bretagne, Proskau in Oberschlesien und der Gemeinde Steinberg im Vogtland mit dem Jugendorchester KAPRYS aus Proskau, das um 11 Uhr auf dem Rathausplatz am Samstag ein Platzkonzert geben wird.<\/p>\n<p>Weiterhin bietet das Gaalbernfest den Rahmen f\u00fcr das Bundestreffen der Neust\u00e4dter und Friedl\u00e4nder in H\u00fcnfeld. Das Abendprogramm des Gaalbernfestes im Stiftsbezirk bietet am Donnerstagabend mit den Frankenr\u00e4ubern, eine der spektakul\u00e4rsten Entertainment-Bands aus Nordbayern. Freitagabend spielen die Colorados auf und Samstag ab 20 Uhr Vorsicht Gebl\u00e4se aus Neuhof. Dazu gibt es eine spektakul\u00e4re Feuershow von Chapeau Bas.<\/p>\n<p>Sonntag wird um 10 Uhr die 7. Oldtimer-\/Youngtimer-Pr\u00e4sentation des Motorclubs H\u00fcnfeld in der Innenstadt pr\u00e4sentiert. Auch die Traktorfreunde Mackenzell werden ihre liebevoll restaurierten Sch\u00e4tzchen ausstellen. Auf dem Anger gibt es eine Kletterwand, Riesenh\u00fcpfburg, Riesenrutsche und viele andere Spielm\u00f6glichkeiten f\u00fcr die j\u00fcngsten Besucher. Nachmittags haben die Gesch\u00e4fte zu einem verkaufsoffenen Sonntag ge\u00f6ffnet.<\/p>\n<p>Ab 11 Uhr spielt BMB, b\u00f6hmisch-m\u00e4hrische Blasmusik auf der B\u00fchne in der Stiftsstra\u00dfe auf, Chapeau Bas werden als Stelzenl\u00e4ufer in der Innenstadt zu sehen sein und ab 14 Uhr gibt es eine Show-\u00dcbung der Kinderfeuerwehr aus Ro\u00dfbach. Ab 15 Uhr startet das Familienprogramm mit Chapeau Bas im Stiftsbezirk und ab 16 Uhr sind das Jugendorchester KAPRYS aus Proskau und die Bl\u00e4serklassen der Jahnschule zu h\u00f6ren. Im Vorprogramm des Abends spielt ab 17.30 Uhr die Stadtkapelle H\u00fcnfeld und ab 19.30 Uhr sind die Lichtbergkrainer mit Dixieland-Jazz und Oberkrainermusik zu h\u00f6ren.<\/p>\n<p>Das Gaalbernfest klingt aus mit dem traditionellen Amtsbock-bieranstich mit der Dammersbacher Blaskapelle und dem M\u00e4nnergesangverein H\u00fcnfeld um 18 Uhr. Von dort aus geht es dann in die Stiftsstra\u00dfe, wo ab 19 Uhr Die Kalbachtaler mit ihrem Big-Band Sound aufspielen werden. Ab 11.30 Uhr am Sonntag wird in der T\u00f6pferstra\u00dfe das Projekt \u201eStolpersteine\u201c vorgestellt, mit man an die ehemaligen j\u00fcdischen Bewohner H\u00fcnfelds erinnert werden soll. Dazu erwartet die Stadt H\u00fcnfeld als Gast auch Alfred Strauss aus New York, einen geb\u00fcrtigen H\u00fcnfelder. Sch\u00fcler der Wigbertschule werden mit kleinen Lesungen an das Schicksal ehemaliger j\u00fcdischer Familien aus H\u00fcnfeld erinnert.<\/p>\n","protected":false},"excerpt":{"rendered":"<div class=\"tmnf_excerpt\"><p>H\u00fcnfeld. Hessens Innenminister Volker Bouffier wird am heutigen Donnerstag, 19.08., ab 19.15 Uhr das 11. H\u00fcnfelder Gaalbernfest offiziell er\u00f6ffnen. Das Fest steht ganz im Zeichen der Feierlichkeiten zum 700j\u00e4hrigen Jubil\u00e4um der Verleihung der Stadtrechte an H\u00fcnfeld. Bereits am Donnerstagnachmittag ab 15 Uhr wird Hessens Wissenschaftsministerin Eva K\u00fchne-H\u00f6rmann an der offiziellen \u00dcbergabe des H\u00fcnfelder Grimmsm\u00e4rchenrundwegs teilnehmen. &hellip;<\/p>\n<\/div>","protected":false},"author":1,"featured_media":0,"comment_status":"closed","ping_status":"closed","sticky":false,"template":"","format":"standard","meta":{"footnotes":""},"categories":[1],"tags":[],"class_list":["post-67307","post","type-post","status-publish","format-standard","hentry","category-startseite"],"_links":{"self":[{"href":"https:\/\/www.fuldaernachrichten.de\/index.php?rest_route=\/wp\/v2\/posts\/67307","targetHints":{"allow":["GET"]}}],"collection":[{"href":"https:\/\/www.fuldaernachrichten.de\/index.php?rest_route=\/wp\/v2\/posts"}],"about":[{"href":"https:\/\/www.fuldaernachrichten.de\/index.php?rest_route=\/wp\/v2\/types\/post"}],"author":[{"embeddable":true,"href":"https:\/\/www.fuldaernachrichten.de\/index.php?rest_route=\/wp\/v2\/users\/1"}],"replies":[{"embeddable":true,"href":"https:\/\/www.fuldaernachrichten.de\/index.php?rest_route=%2Fwp%2Fv2%2Fcomments&post=67307"}],"version-history":[{"count":2,"href":"https:\/\/www.fuldaernachrichten.de\/index.php?rest_route=\/wp\/v2\/posts\/67307\/revisions"}],"predecessor-version":[{"id":67336,"href":"https:\/\/www.fuldaernachrichten.de\/index.php?rest_route=\/wp\/v2\/posts\/67307\/revisions\/67336"}],"wp:attachment":[{"href":"https:\/\/www.fuldaernachrichten.de\/index.php?rest_route=%2Fwp%2Fv2%2Fmedia&parent=67307"}],"wp:term":[{"taxonomy":"category","embeddable":true,"href":"https:\/\/www.fuldaernachrichten.de\/index.php?rest_route=%2Fwp%2Fv2%2Fcategories&post=67307"},{"taxonomy":"post_tag","embeddable":true,"href":"https:\/\/www.fuldaernachrichten.de\/index.php?rest_route=%2Fwp%2Fv2%2Ftags&post=67307"}],"curies":[{"name":"wp","href":"https:\/\/api.w.org\/{rel}","templated":true}]}}