{"id":67301,"date":"2010-08-19T01:50:12","date_gmt":"2010-08-18T23:50:12","guid":{"rendered":"http:\/\/www.fuldaer-nachrichten.de\/?p=67301"},"modified":"2010-08-19T07:50:19","modified_gmt":"2010-08-19T05:50:19","slug":"neuer-unimog-fuer-die-fuldaer-stadtverwaltung-im-winterdienst-und-zur-gruenflaechenpflege-im-einsatz","status":"publish","type":"post","link":"https:\/\/www.fuldaernachrichten.de\/?p=67301","title":{"rendered":"Neuer Unimog f\u00fcr die Fuldaer Stadtverwaltung: Im Winterdienst und zur Gr\u00fcnfl\u00e4chenpflege im Einsatz"},"content":{"rendered":"<p><strong>Fulda. <\/strong>13 Jahre lang k\u00e4mpfte er sich als treuer Helfer durch den Winter: Die Unimog-Zugmaschine vom Typ 427\/10-1400. Auch in der Gr\u00fcnfl\u00e4chenunterhaltung und bei vielen anderen Gelegenheiten zeichnete sich der Unimog als zuverl\u00e4ssiger Partner f\u00fcr die Mitarbeiter des Betriebsamtes aus. Doch die Zeit hat ihre Spuren hinterlassen. Ersatz muss her wegen der kontinuierlich ansteigenden Reparatur- und Unterhaltungskosten. Deshalb hat der Fuldaer Magistrat sein Ja f\u00fcr ein Neufahrzeug gegeben \u2013 ebenfalls ein Unimog. Wie auch das bisherige Fahrzeug wird das neue vornehmlich in der Gr\u00fcnfl\u00e4chenunterhaltung, zum Materialtransport sowie zum Abfahren von Erdaushub eingesetzt, erl\u00e4uterte Fuldas Verwaltungschef Gerhard M\u00f6ller. <!--more--><\/p>\n<p>Au\u00dferdem soll der Unimog mit einem Kippanh\u00e4nger und einem Ladewagen f\u00fcr Gr\u00fcnschnitt ausgestattet werden. Denn mit dem vorhandenen Schlegelm\u00e4her ist der Schlepper bei M\u00e4harbeiten in schweren und unzug\u00e4nglichen Fl\u00e4chen im Einsatz. Im Winter braucht ihn das Team des Betriebsamtes mit entsprechenden Zusatzaufbauten wie einem Feuchtsalzstreuer und schwerem Schneepflug f\u00fcr den Winterdienst. Den bisher im Einsatz befindlichen Unimog wird die Stadt in Zahlung nehmen lassen, sofern auf dem freien Markt kein h\u00f6heres Angebot zu erzielen ist, wie M\u00f6ller erkl\u00e4rte. (mb)<\/p>\n","protected":false},"excerpt":{"rendered":"<div class=\"tmnf_excerpt\"><p>Fulda. 13 Jahre lang k\u00e4mpfte er sich als treuer Helfer durch den Winter: Die Unimog-Zugmaschine vom Typ 427\/10-1400. Auch in der Gr\u00fcnfl\u00e4chenunterhaltung und bei vielen anderen Gelegenheiten zeichnete sich der Unimog als zuverl\u00e4ssiger Partner f\u00fcr die Mitarbeiter des Betriebsamtes aus. Doch die Zeit hat ihre Spuren hinterlassen. Ersatz muss her wegen der kontinuierlich ansteigenden Reparatur- &hellip;<\/p>\n<\/div>","protected":false},"author":1,"featured_media":0,"comment_status":"closed","ping_status":"closed","sticky":false,"template":"","format":"standard","meta":{"footnotes":""},"categories":[1],"tags":[],"class_list":["post-67301","post","type-post","status-publish","format-standard","hentry","category-startseite"],"_links":{"self":[{"href":"https:\/\/www.fuldaernachrichten.de\/index.php?rest_route=\/wp\/v2\/posts\/67301","targetHints":{"allow":["GET"]}}],"collection":[{"href":"https:\/\/www.fuldaernachrichten.de\/index.php?rest_route=\/wp\/v2\/posts"}],"about":[{"href":"https:\/\/www.fuldaernachrichten.de\/index.php?rest_route=\/wp\/v2\/types\/post"}],"author":[{"embeddable":true,"href":"https:\/\/www.fuldaernachrichten.de\/index.php?rest_route=\/wp\/v2\/users\/1"}],"replies":[{"embeddable":true,"href":"https:\/\/www.fuldaernachrichten.de\/index.php?rest_route=%2Fwp%2Fv2%2Fcomments&post=67301"}],"version-history":[{"count":2,"href":"https:\/\/www.fuldaernachrichten.de\/index.php?rest_route=\/wp\/v2\/posts\/67301\/revisions"}],"predecessor-version":[{"id":67340,"href":"https:\/\/www.fuldaernachrichten.de\/index.php?rest_route=\/wp\/v2\/posts\/67301\/revisions\/67340"}],"wp:attachment":[{"href":"https:\/\/www.fuldaernachrichten.de\/index.php?rest_route=%2Fwp%2Fv2%2Fmedia&parent=67301"}],"wp:term":[{"taxonomy":"category","embeddable":true,"href":"https:\/\/www.fuldaernachrichten.de\/index.php?rest_route=%2Fwp%2Fv2%2Fcategories&post=67301"},{"taxonomy":"post_tag","embeddable":true,"href":"https:\/\/www.fuldaernachrichten.de\/index.php?rest_route=%2Fwp%2Fv2%2Ftags&post=67301"}],"curies":[{"name":"wp","href":"https:\/\/api.w.org\/{rel}","templated":true}]}}