{"id":67299,"date":"2010-08-19T01:49:53","date_gmt":"2010-08-18T23:49:53","guid":{"rendered":"http:\/\/www.fuldaer-nachrichten.de\/?p=67299"},"modified":"2010-08-19T07:49:59","modified_gmt":"2010-08-19T05:49:59","slug":"katholische-jugend-im-bistum-fulda-kjf-2010-neuer-kjf-glaubenskurs-im-august","status":"publish","type":"post","link":"https:\/\/www.fuldaernachrichten.de\/?p=67299","title":{"rendered":"Katholische Jugend im Bistum Fulda (KJF) 2010: Neuer KJF-Glaubenskurs im August"},"content":{"rendered":"<p><strong>Fulda.<\/strong> Die Katholische Jugend im Bistum Fulda (KJF) bietet vom 27.-29. August ein Glaubenswochenende f\u00fcr Jugendliche ab 16 Jahren an. Eingeladen sind alle, die sich tiefer mit ihrem Glauben auseinandersetzen wollen, die mehr wissen und verstehen und mit Gleichaltrigen dar\u00fcber ins Gespr\u00e4ch kommen m\u00f6chten. Als Referenten und Gespr\u00e4chspartner stehen Weihbischof Karlheinz Diez, Pater Stefan M\u00f6llmann OMI und die Kapl\u00e4ne Dirk G\u00e4rtner und Florian B\u00f6th zur Verf\u00fcgung. Nat\u00fcrlich kommen auch Gebet und Spiel&amp;Spa\u00df nicht zu kurz!<!--more--><\/p>\n<p>Das Wochenende findet im Ludwig-Wolker-Haus in Kleinsassen statt und beginnt am Freitag, 27. August, um 17.30 Uhr, Ende ist am Sonntag nach dem Mittagessen. Der Teilnehmerbeitrag betr\u00e4gt 35 Euro. Anmeldung unter 0661-87367, Weitere Infos unter 0661\/87367 oder -372 und auf <a href=\"http:\/\/kjf-fulda.de\" target=\"_blank\">kjf-fulda.de<\/a>.<\/p>\n","protected":false},"excerpt":{"rendered":"<div class=\"tmnf_excerpt\"><p>Fulda. Die Katholische Jugend im Bistum Fulda (KJF) bietet vom 27.-29. August ein Glaubenswochenende f\u00fcr Jugendliche ab 16 Jahren an. Eingeladen sind alle, die sich tiefer mit ihrem Glauben auseinandersetzen wollen, die mehr wissen und verstehen und mit Gleichaltrigen dar\u00fcber ins Gespr\u00e4ch kommen m\u00f6chten. Als Referenten und Gespr\u00e4chspartner stehen Weihbischof Karlheinz Diez, Pater Stefan M\u00f6llmann &hellip;<\/p>\n<\/div>","protected":false},"author":1,"featured_media":0,"comment_status":"closed","ping_status":"closed","sticky":false,"template":"","format":"standard","meta":{"footnotes":""},"categories":[1],"tags":[],"class_list":["post-67299","post","type-post","status-publish","format-standard","hentry","category-startseite"],"_links":{"self":[{"href":"https:\/\/www.fuldaernachrichten.de\/index.php?rest_route=\/wp\/v2\/posts\/67299","targetHints":{"allow":["GET"]}}],"collection":[{"href":"https:\/\/www.fuldaernachrichten.de\/index.php?rest_route=\/wp\/v2\/posts"}],"about":[{"href":"https:\/\/www.fuldaernachrichten.de\/index.php?rest_route=\/wp\/v2\/types\/post"}],"author":[{"embeddable":true,"href":"https:\/\/www.fuldaernachrichten.de\/index.php?rest_route=\/wp\/v2\/users\/1"}],"replies":[{"embeddable":true,"href":"https:\/\/www.fuldaernachrichten.de\/index.php?rest_route=%2Fwp%2Fv2%2Fcomments&post=67299"}],"version-history":[{"count":2,"href":"https:\/\/www.fuldaernachrichten.de\/index.php?rest_route=\/wp\/v2\/posts\/67299\/revisions"}],"predecessor-version":[{"id":67339,"href":"https:\/\/www.fuldaernachrichten.de\/index.php?rest_route=\/wp\/v2\/posts\/67299\/revisions\/67339"}],"wp:attachment":[{"href":"https:\/\/www.fuldaernachrichten.de\/index.php?rest_route=%2Fwp%2Fv2%2Fmedia&parent=67299"}],"wp:term":[{"taxonomy":"category","embeddable":true,"href":"https:\/\/www.fuldaernachrichten.de\/index.php?rest_route=%2Fwp%2Fv2%2Fcategories&post=67299"},{"taxonomy":"post_tag","embeddable":true,"href":"https:\/\/www.fuldaernachrichten.de\/index.php?rest_route=%2Fwp%2Fv2%2Ftags&post=67299"}],"curies":[{"name":"wp","href":"https:\/\/api.w.org\/{rel}","templated":true}]}}