{"id":67283,"date":"2010-08-21T02:41:05","date_gmt":"2010-08-21T00:41:05","guid":{"rendered":"http:\/\/www.fuldaer-nachrichten.de\/?p=67283"},"modified":"2010-08-21T08:41:32","modified_gmt":"2010-08-21T06:41:32","slug":"oldtimerfest-und-youngtimertreffen-am-4-und-5-september","status":"publish","type":"post","link":"https:\/\/www.fuldaernachrichten.de\/?p=67283","title":{"rendered":"Oldtimerfest und Youngtimertreffen am 4. und 5. September"},"content":{"rendered":"<p><strong><a href=\"http:\/\/www.fuldaer-nachrichten.de\/wp-content\/uploads\/2010\/08\/100818_Dannenrod.jpg\"><img fetchpriority=\"high\" decoding=\"async\" class=\"alignleft size-thumbnail wp-image-67284\" title=\"100818_Dannenrod\" src=\"http:\/\/www.fuldaer-nachrichten.de\/wp-content\/uploads\/2010\/08\/100818_Dannenrod-265x371.jpg\" alt=\"\" width=\"265\" height=\"371\" srcset=\"https:\/\/www.fuldaernachrichten.de\/wp-content\/uploads\/2010\/08\/100818_Dannenrod-265x371.jpg 265w, https:\/\/www.fuldaernachrichten.de\/wp-content\/uploads\/2010\/08\/100818_Dannenrod.jpg 399w\" sizes=\"(max-width: 265px) 100vw, 265px\" \/><\/a>Homberg\/Ohm-Dannenrod. <\/strong>Am 04.09. bis 05.09. ist es wieder soweit: es findet in in den Hallen der Oldtimer-Freunde-Ohmtal das j\u00e4hrliche Oldtimertreffen statt. Am Samstagabend wird die Veranstaltung mit einem Countryabend und Musik der Gruppe Purling Brooks Band er\u00f6ffnet. Neben Lanz und Co. gibt es dann am Sonntag eine Vielzahl an Arbeitsger\u00e4ten des b\u00e4uerlichen Alltags unserer V\u00e4ter zu bestaunen. Auch LKWs, Motorr\u00e4der, Schiffsmotoren, PKWs und allerhand weiteres wird den interessierten Zuschauern geboten. An Highlights wird es auch dieses Jahr nicht mangeln, so ist eine Sonderanstellung \u201eYoungtimer\u201c bis Baujahr 1985, sowie Bodenbearbeitung mit Oldtimerschleppern \u2013 Pferdegespannen, Dreschvorfu\u00cc\u02c6hrungen, Geschicklichkeitsfahren und Leistungsmessung an der Zapfwelle geplant. Desweiteren gibt es ein Milit\u00e4roldtimercamp und vieles mehr zu sehen. Selbstverst\u00e4ndlich ist auch an unsere kleineren G\u00e4ste gedacht worden, so gibt es eine Strohburg und die etwas \u00e4lteren Kleinen k\u00f6nnen einen \u201eSchlepperfu\u00cc\u02c6hrerschein\u201c erwerben. Die Oldtimer Freunde Ohmtal e.V. wurden 1995 gegru\u00cc\u02c6ndet und haben ihren Sitz in Homberg\/Ohm \u2013 Dannenrod. Dort findet w\u00f6chentlich freitags ab 20.00h ein gemu\u00cc\u02c6tliches Treffen statt, bei dem G\u00e4ste herzlich willkommen sind. Weitere Infos unter: <a href=\"http:\/\/www.Oldtimer-Freund-Ohmtal.de\" target=\"_blank\">www.Oldtimer-Freund-Ohmtal.de<\/a><\/p>\n","protected":false},"excerpt":{"rendered":"<div class=\"tmnf_excerpt\"><p>Homberg\/Ohm-Dannenrod. Am 04.09. bis 05.09. ist es wieder soweit: es findet in in den Hallen der Oldtimer-Freunde-Ohmtal das j\u00e4hrliche Oldtimertreffen statt. Am Samstagabend wird die Veranstaltung mit einem Countryabend und Musik der Gruppe Purling Brooks Band er\u00f6ffnet. Neben Lanz und Co. gibt es dann am Sonntag eine Vielzahl an Arbeitsger\u00e4ten des b\u00e4uerlichen Alltags unserer V\u00e4ter &hellip;<\/p>\n<\/div>","protected":false},"author":1,"featured_media":0,"comment_status":"closed","ping_status":"closed","sticky":false,"template":"","format":"standard","meta":{"footnotes":""},"categories":[1],"tags":[],"class_list":["post-67283","post","type-post","status-publish","format-standard","hentry","category-startseite"],"_links":{"self":[{"href":"https:\/\/www.fuldaernachrichten.de\/index.php?rest_route=\/wp\/v2\/posts\/67283","targetHints":{"allow":["GET"]}}],"collection":[{"href":"https:\/\/www.fuldaernachrichten.de\/index.php?rest_route=\/wp\/v2\/posts"}],"about":[{"href":"https:\/\/www.fuldaernachrichten.de\/index.php?rest_route=\/wp\/v2\/types\/post"}],"author":[{"embeddable":true,"href":"https:\/\/www.fuldaernachrichten.de\/index.php?rest_route=\/wp\/v2\/users\/1"}],"replies":[{"embeddable":true,"href":"https:\/\/www.fuldaernachrichten.de\/index.php?rest_route=%2Fwp%2Fv2%2Fcomments&post=67283"}],"version-history":[{"count":2,"href":"https:\/\/www.fuldaernachrichten.de\/index.php?rest_route=\/wp\/v2\/posts\/67283\/revisions"}],"predecessor-version":[{"id":67498,"href":"https:\/\/www.fuldaernachrichten.de\/index.php?rest_route=\/wp\/v2\/posts\/67283\/revisions\/67498"}],"wp:attachment":[{"href":"https:\/\/www.fuldaernachrichten.de\/index.php?rest_route=%2Fwp%2Fv2%2Fmedia&parent=67283"}],"wp:term":[{"taxonomy":"category","embeddable":true,"href":"https:\/\/www.fuldaernachrichten.de\/index.php?rest_route=%2Fwp%2Fv2%2Fcategories&post=67283"},{"taxonomy":"post_tag","embeddable":true,"href":"https:\/\/www.fuldaernachrichten.de\/index.php?rest_route=%2Fwp%2Fv2%2Ftags&post=67283"}],"curies":[{"name":"wp","href":"https:\/\/api.w.org\/{rel}","templated":true}]}}