{"id":67280,"date":"2010-08-19T01:54:20","date_gmt":"2010-08-18T23:54:20","guid":{"rendered":"http:\/\/www.fuldaer-nachrichten.de\/?p=67280"},"modified":"2010-08-19T07:54:32","modified_gmt":"2010-08-19T05:54:32","slug":"jugend-schreibt-ein-literaturwettbewerb-des-hessischen-ministeriums-fuer-wissenschaft-und-kunst","status":"publish","type":"post","link":"https:\/\/www.fuldaernachrichten.de\/?p=67280","title":{"rendered":"Jugend schreibt &#8211; Ein Literaturwettbewerb des Hessischen Ministeriums f\u00fcr Wissenschaft und Kunst"},"content":{"rendered":"<p><strong>Fulda. <\/strong>Ein Literaturwettbewerb des Hessischen Ministeriums f\u00fcr Wissenschaft und Kunst unter der Schirmherrschaft von Staatsministerin Eva K\u00fchne-H\u00f6rmann f\u00fcr Jugendliche von 12 bis 15 Jahren. Durchgef\u00fchrt von der Kinder-Akademie Fulda. Der Wettbewerb \u201eJugend schreibt\u201c<strong> <\/strong>fordert alle Jugendlichen in Hessen zwischen 12 und 15 Jahren auf, sich literarisch auszudr\u00fccken. Unter dem gestellten Motto \u201eAlleinsein\u201c<strong> <\/strong>sind der Fantasie keine Grenzen gesetzt. Egal ob Krimi, Gedicht, Erz\u00e4hlung oder Kurzgeschichte \u2013 es kommt darauf an, dass die Texte das Interesse der Jury fesseln. Juriert wird in 2 Altersgruppen: 12 bis 13 Jahre und 14 bis 15 Jahre.<!--more--><\/p>\n<ul>\n<li>Textl\u00e4nge:<strong> <\/strong>maximale L\u00e4nge 3 Seiten (einseitig beschrieben, Schriftgr\u00f6\u00dfe 12 Punkt, Seiten nummeriert)<\/li>\n<li>Gewinn: Teilnahme an einer Schreibwerkstatt<\/li>\n<li>Einsendeschluss:<strong> <\/strong>3. November 2010<\/li>\n<li>Einsendungen an:<strong> <\/strong>Kinder-Akademie Fulda, Mehlerstr. 4, 36043 Fulda<\/li>\n<li><strong> <\/strong>Stichwort: Jugend schreibt<\/li>\n<\/ul>\n<p>Das Hessische Ministerium f\u00fcr Wissenschaft und Kunst erwirbt mit der Einsendung Ver\u00f6ffentlichungsrechte an den Werken, die sich auf Plakate, Faltbl\u00e4tter, etc. im Zusammenhang mit dem Wettbewerb beschr\u00e4nken. Der Rechtsweg ist ausgeschlossen.<\/p>\n","protected":false},"excerpt":{"rendered":"<div class=\"tmnf_excerpt\"><p>Fulda. Ein Literaturwettbewerb des Hessischen Ministeriums f\u00fcr Wissenschaft und Kunst unter der Schirmherrschaft von Staatsministerin Eva K\u00fchne-H\u00f6rmann f\u00fcr Jugendliche von 12 bis 15 Jahren. Durchgef\u00fchrt von der Kinder-Akademie Fulda. Der Wettbewerb \u201eJugend schreibt\u201c fordert alle Jugendlichen in Hessen zwischen 12 und 15 Jahren auf, sich literarisch auszudr\u00fccken. Unter dem gestellten Motto \u201eAlleinsein\u201c sind der Fantasie &hellip;<\/p>\n<\/div>","protected":false},"author":1,"featured_media":0,"comment_status":"closed","ping_status":"closed","sticky":false,"template":"","format":"standard","meta":{"footnotes":""},"categories":[1,72],"tags":[],"class_list":["post-67280","post","type-post","status-publish","format-standard","hentry","category-startseite","category-jugend"],"_links":{"self":[{"href":"https:\/\/www.fuldaernachrichten.de\/index.php?rest_route=\/wp\/v2\/posts\/67280","targetHints":{"allow":["GET"]}}],"collection":[{"href":"https:\/\/www.fuldaernachrichten.de\/index.php?rest_route=\/wp\/v2\/posts"}],"about":[{"href":"https:\/\/www.fuldaernachrichten.de\/index.php?rest_route=\/wp\/v2\/types\/post"}],"author":[{"embeddable":true,"href":"https:\/\/www.fuldaernachrichten.de\/index.php?rest_route=\/wp\/v2\/users\/1"}],"replies":[{"embeddable":true,"href":"https:\/\/www.fuldaernachrichten.de\/index.php?rest_route=%2Fwp%2Fv2%2Fcomments&post=67280"}],"version-history":[{"count":2,"href":"https:\/\/www.fuldaernachrichten.de\/index.php?rest_route=\/wp\/v2\/posts\/67280\/revisions"}],"predecessor-version":[{"id":67347,"href":"https:\/\/www.fuldaernachrichten.de\/index.php?rest_route=\/wp\/v2\/posts\/67280\/revisions\/67347"}],"wp:attachment":[{"href":"https:\/\/www.fuldaernachrichten.de\/index.php?rest_route=%2Fwp%2Fv2%2Fmedia&parent=67280"}],"wp:term":[{"taxonomy":"category","embeddable":true,"href":"https:\/\/www.fuldaernachrichten.de\/index.php?rest_route=%2Fwp%2Fv2%2Fcategories&post=67280"},{"taxonomy":"post_tag","embeddable":true,"href":"https:\/\/www.fuldaernachrichten.de\/index.php?rest_route=%2Fwp%2Fv2%2Ftags&post=67280"}],"curies":[{"name":"wp","href":"https:\/\/api.w.org\/{rel}","templated":true}]}}