{"id":67257,"date":"2010-08-19T01:53:24","date_gmt":"2010-08-18T23:53:24","guid":{"rendered":"http:\/\/www.fuldaer-nachrichten.de\/?p=67257"},"modified":"2010-08-19T07:54:04","modified_gmt":"2010-08-19T05:54:04","slug":"glueckliche-erstklaessler-die-etwas-andere-einschulungsfeier","status":"publish","type":"post","link":"https:\/\/www.fuldaernachrichten.de\/?p=67257","title":{"rendered":"Gl\u00fcckliche Erstkl\u00e4ssler &#8211; Die etwas andere Einschulungsfeier"},"content":{"rendered":"<p><strong><a href=\"http:\/\/www.fuldaer-nachrichten.de\/wp-content\/uploads\/2010\/08\/100818_Einschulungsfeier.jpg\"><img fetchpriority=\"high\" decoding=\"async\" class=\"alignleft size-thumbnail wp-image-67258\" title=\"100818_Einschulungsfeier\" src=\"http:\/\/www.fuldaer-nachrichten.de\/wp-content\/uploads\/2010\/08\/100818_Einschulungsfeier-265x198.jpg\" alt=\"\" width=\"265\" height=\"198\" srcset=\"https:\/\/www.fuldaernachrichten.de\/wp-content\/uploads\/2010\/08\/100818_Einschulungsfeier-265x198.jpg 265w, https:\/\/www.fuldaernachrichten.de\/wp-content\/uploads\/2010\/08\/100818_Einschulungsfeier.jpg 592w\" sizes=\"(max-width: 265px) 100vw, 265px\" \/><\/a>Fulda. <\/strong>Die Schulleiterin, Gabrielis Steinberger, hatte diesmal neben einer unterhaltsamen Einschulungsfeier mit kleinen Theaterst\u00fccken, die von den Zweitkl\u00e4sslern f\u00fcr die 55 neuen Schulkinder und weit mehr als einhundert Eltern und G\u00e4sten aufgef\u00fchrt wurden, \u00c2\u00a0auch einen Infostand der Kreisverkehrswacht Fulda aufgebaut. Hier gab Gerhard Brink, Moderator und Vorsitzender der Kreisverkehrswacht, praktische \u00c2\u00a0Tipps \u00c2\u00a0zum \u00c2\u00a0richtigen \u00c2\u00a0Anschnallen \u00c2\u00a0von \u00c2\u00a0Kindern \u00c2\u00a0im \u00c2\u00a0Pkw und zum verkehrs-sicheren Tragen von Fahrradhelmen. Anhand einer Auswahl von Autokindersitzen demonstrierte der Moderator den richtigen Einbau und zeigte die h\u00e4ufig gemachten Fehler beim Anschnallen der Kinder. Auch zeigte er schlechte Kindersitze, die im Falle eines Unfalls das Kind nicht sch\u00fctzen, sondern\u00c2\u00a0 K\u00f6rpersch\u00e4den erst verursachen. Im Anschluss wurde im Nahbereich der Schule gemeinsam ein Spannband der Deutschen Verkehrswacht aufgeh\u00e4ngt, durch das die Autofahrer in \u00fcbergro\u00dfen Buchstaben zur Reduzierung der Fahrgeschwindigkeit aufgefordert werden.<!--more--><\/p>\n<p><strong>\u201eTempo runter, bitte! Schulanfang &#8211; Kinder leben von Ihrer R\u00fccksicht\u201c<\/strong><\/p>\n<p>Mit diesen gelben auff\u00e4lligen Spannb\u00e4ndern sollen Autofahrer auf Schulanf\u00e4nger aufmerksam gemacht werden. P\u00fcnktlich zum Schulanfang werden in allen Gemeinden des Landkreises und in der Stadt Fulda an mehr als 100 Stellen Autofahrer aufgefordert, den Fu\u00df vom Gas zu nehmen, und die Geschwindigkeit zu reduzieren, denn Schulanf\u00e4nger sind immer auch Verkehrsanf\u00e4nger. Vierzehn neue Spannb\u00e4nder wurden in diesem Jahr erneut von der Kreisverkehrs-wacht an die Gemeinden verteilt.<\/p>\n<p><strong>Sicherheitspartnerschaft:<\/strong><\/p>\n<p>Die Sparkasse Fulda ist\u00c2\u00a0 mit ihrem Sponsoring seit Jahren bem\u00fcht, gemeinsam mit der Kreisverkehrswacht Fulda den Schulweg f\u00fcr die ABC-Sch\u00fctzen sicherer zu machen. Martin Schel, stellvertretender Marketingleiter der Sparkasse Fulda: \u201eDer Sparkasse Fulda ist die Sicherheit der Grundsch\u00fcler ein wichtiges Anliegen. Deshalb unterst\u00fctzen wir nun schon seit drei\u00dfig Jahren finanziell die Kreisverkehrswacht Fulda beim gemeinsamen Bem\u00fchen die Schulwegunf\u00e4lle zu reduzieren.\u201c<\/p>\n<p><a href=\"http:\/\/www.fuldaer-nachrichten.de\/wp-content\/uploads\/2010\/08\/100818_Einschulungsfeier2.jpg\"><img decoding=\"async\" class=\"alignnone size-thumbnail wp-image-67259\" title=\"100818_Einschulungsfeier2\" src=\"http:\/\/www.fuldaer-nachrichten.de\/wp-content\/uploads\/2010\/08\/100818_Einschulungsfeier2-265x198.jpg\" alt=\"\" width=\"265\" height=\"198\" srcset=\"https:\/\/www.fuldaernachrichten.de\/wp-content\/uploads\/2010\/08\/100818_Einschulungsfeier2-265x198.jpg 265w, https:\/\/www.fuldaernachrichten.de\/wp-content\/uploads\/2010\/08\/100818_Einschulungsfeier2.jpg 592w\" sizes=\"(max-width: 265px) 100vw, 265px\" \/><\/a> <a href=\"http:\/\/www.fuldaer-nachrichten.de\/wp-content\/uploads\/2010\/08\/100818_Einschulungsfeier3.jpg\"><img decoding=\"async\" class=\"alignnone size-thumbnail wp-image-67261\" title=\"100818_Einschulungsfeier3\" src=\"http:\/\/www.fuldaer-nachrichten.de\/wp-content\/uploads\/2010\/08\/100818_Einschulungsfeier3-265x198.jpg\" alt=\"\" width=\"265\" height=\"198\" srcset=\"https:\/\/www.fuldaernachrichten.de\/wp-content\/uploads\/2010\/08\/100818_Einschulungsfeier3-265x198.jpg 265w, https:\/\/www.fuldaernachrichten.de\/wp-content\/uploads\/2010\/08\/100818_Einschulungsfeier3.jpg 592w\" sizes=\"(max-width: 265px) 100vw, 265px\" \/><\/a><\/p>\n<p>55 Kinder der drei ersten Klassen der Astrid-Lindgren-Schule in der Fulda-Galerie halten das Spannband. Die Schulleiterin betont: \u201eJede Aktion, die mithilft Kinderunf\u00e4lle zu verhindern und den Schulweg sicherer zu machen, muss von allen unterst\u00fctzt werden. Appelle alleine reichen oftmals nicht aus!\u201c Der Verkehrswachtsvorsitzende, Gerhard Brink, erg\u00e4nzt: \u201eDiese Spannbandaktion kann nur ein Mosaiksteinchen f\u00fcr die Schulwegsicherung darstellen. An 1. Stelle steht immer der Autofahrer, der motorisierte Verkehrsteilnehmer, der durch erh\u00f6hte Aufmerksamkeit und durch eine langsamere Fahrweise, insbesondere im Nahbereich von Schulen, die Unfallgefahren reduzieren kann.\u201c<\/p>\n<p><strong>Der Verkehrswachtvorsitzende appelliert an alle Eltern der Erstkl\u00e4ssler: <\/strong><\/p>\n<p>\u201eGehen Sie den Schulweg mit Ihrem Kind in den ersten Wochen gemeinsam. Erkl\u00e4ren Sie Ihm m\u00f6gliche Gefahrenstellen und das richtige Verhalten. Trainieren Sie mit Ihrem Kind den Schulweg. So k\u00f6nnen Sie mit dazu beitragen, dass Ihr Kind auf dem Schulweg sicherer wird. \u201cDie Schulleiterin, Frau Steinberger: \u201eAuch Grundschulkinder sind keine kleinen Erwachsenen, Kinder denken und handeln anders als wir Erwachsene es vermuten!\u201c<\/p>\n<p>Gerhard Brink erg\u00e4nzt:\u201c Kinder verungl\u00fccken, weil sie Kinder sind! F\u00e4higkeiten und Fertigkeiten, die f\u00fcr den Stra\u00dfenverkehr erforderlich sind, entwickeln sich erst noch. Wir Erwachsene m\u00fcssen uns auf die Kinder einstellen und nicht umgekehrt!\u201c Der Leiter der Stra\u00dfenverkehrsbeh\u00f6rde der Stadt Fulda, Thomas Fl\u00fcgel, bedankte sich bei der Sparkasse Fulda und der Kreisverkehrswacht f\u00fcr den unerm\u00fcdlichen Einsatz zur Verbesserung der Schulwegsicherheit!\u201c<\/p>\n<p>Das Bild zeigt neben den 55 Erstkl\u00e4sslern von links den stellvertretenden Marketingleiter der Sparkasse Fulda, Martin Schel,\u00c2\u00a0 Schulleiterin Gabrielis Stein-berger, den Vorsitzenden der Kreisverkehrswacht Fulda, Gerhard Brink sowie den Leiter der Stra\u00dfenverkehrsbeh\u00f6rde der Stadt Fulda Thomas Fl\u00fcgel.<\/p>\n","protected":false},"excerpt":{"rendered":"<div class=\"tmnf_excerpt\"><p>Fulda. Die Schulleiterin, Gabrielis Steinberger, hatte diesmal neben einer unterhaltsamen Einschulungsfeier mit kleinen Theaterst\u00fccken, die von den Zweitkl\u00e4sslern f\u00fcr die 55 neuen Schulkinder und weit mehr als einhundert Eltern und G\u00e4sten aufgef\u00fchrt wurden, \u00c2\u00a0auch einen Infostand der Kreisverkehrswacht Fulda aufgebaut. Hier gab Gerhard Brink, Moderator und Vorsitzender der Kreisverkehrswacht, praktische \u00c2\u00a0Tipps \u00c2\u00a0zum \u00c2\u00a0richtigen \u00c2\u00a0Anschnallen \u00c2\u00a0von &hellip;<\/p>\n<\/div>","protected":false},"author":1,"featured_media":0,"comment_status":"closed","ping_status":"closed","sticky":false,"template":"","format":"standard","meta":{"footnotes":""},"categories":[1,72],"tags":[],"class_list":["post-67257","post","type-post","status-publish","format-standard","hentry","category-startseite","category-jugend"],"_links":{"self":[{"href":"https:\/\/www.fuldaernachrichten.de\/index.php?rest_route=\/wp\/v2\/posts\/67257","targetHints":{"allow":["GET"]}}],"collection":[{"href":"https:\/\/www.fuldaernachrichten.de\/index.php?rest_route=\/wp\/v2\/posts"}],"about":[{"href":"https:\/\/www.fuldaernachrichten.de\/index.php?rest_route=\/wp\/v2\/types\/post"}],"author":[{"embeddable":true,"href":"https:\/\/www.fuldaernachrichten.de\/index.php?rest_route=\/wp\/v2\/users\/1"}],"replies":[{"embeddable":true,"href":"https:\/\/www.fuldaernachrichten.de\/index.php?rest_route=%2Fwp%2Fv2%2Fcomments&post=67257"}],"version-history":[{"count":2,"href":"https:\/\/www.fuldaernachrichten.de\/index.php?rest_route=\/wp\/v2\/posts\/67257\/revisions"}],"predecessor-version":[{"id":67346,"href":"https:\/\/www.fuldaernachrichten.de\/index.php?rest_route=\/wp\/v2\/posts\/67257\/revisions\/67346"}],"wp:attachment":[{"href":"https:\/\/www.fuldaernachrichten.de\/index.php?rest_route=%2Fwp%2Fv2%2Fmedia&parent=67257"}],"wp:term":[{"taxonomy":"category","embeddable":true,"href":"https:\/\/www.fuldaernachrichten.de\/index.php?rest_route=%2Fwp%2Fv2%2Fcategories&post=67257"},{"taxonomy":"post_tag","embeddable":true,"href":"https:\/\/www.fuldaernachrichten.de\/index.php?rest_route=%2Fwp%2Fv2%2Ftags&post=67257"}],"curies":[{"name":"wp","href":"https:\/\/api.w.org\/{rel}","templated":true}]}}