{"id":6725,"date":"2007-12-01T08:33:33","date_gmt":"2007-12-01T07:33:33","guid":{"rendered":"http:\/\/www.schoene-nachrichten.de\/?p=6725"},"modified":"2007-12-01T08:33:33","modified_gmt":"2007-12-01T07:33:33","slug":"gerhard-moeller-ist-neuer-praesident-des-hessischen-staedtetages","status":"publish","type":"post","link":"https:\/\/www.fuldaernachrichten.de\/?p=6725","title":{"rendered":"Gerhard M\u00f6ller ist neuer Pr\u00e4sident des Hessischen St\u00e4dtetages"},"content":{"rendered":"<p><strong><a rel=\"lightbox[roadtrip]\" target=\"_blank\" href=\"http:\/\/www.schoene-nachrichten.de\/wp-content\/uploads\/2007\/12\/071201_moller_presse_hoch.jpg\" title=\"071201_moller_presse_hoch.jpg\"><img decoding=\"async\" align=\"left\" src=\"http:\/\/www.schoene-nachrichten.de\/wp-content\/uploads\/2007\/12\/071201_moller_presse_hoch.thumbnail.jpg\" hspace=\"5\" alt=\"071201_moller_presse_hoch.jpg\" \/><\/a>Leute.<\/strong> Fuldas Oberb\u00fcrgermeister Gerhard M\u00f6ller (CDU) ist neuer Pr\u00e4sident des Hessischen St\u00e4dtetages. Der bisherige Verbands-Vize l\u00f6ste mit seiner Wahl auf der gemeinsamen Sitzung des Pr\u00e4sidiums und des Hauptausschusses des Hessischen St\u00e4dtetages in Haiger seinen Vorg\u00e4nger, den R\u00fcsselsheimer Oberb\u00fcrgermeister Stefan Gieltowski (SPD\u00c2\u00a0 ab, der zum Ersten Vizepr\u00e4sidenten gew\u00e4hlt wurde. M\u00f6llers Amtszeit in der Verbandsspitze dauert\u00c2\u00a0 zwei Jahre. Ihm als Vizepr\u00e4sidenten zur Seite stehen neben Gieltowski auch B\u00fcrgermeister J\u00fcrgen Zick (SPD) aus Eschwege sowie B\u00fcrgermeister Eberhard Fennel (CDU) aus H\u00fcnfeld.<!--more--><\/p>\n<p>M\u00f6ller, der auf 17 Jahre als Erster Beigeordneter des Landkreises Fulda und vier Jahre als Fuldaer Oberb\u00fcrgermeister zur\u00fcckblicken kann, steht als Pr\u00e4sident einem kommunalen Spitzenverband vor, der die Interessen der St\u00e4dte \u201eim Verh\u00e4ltnis zu anderen Institutionen sowie gegen\u00fcber Bund und Land vertritt.\u201c Der St\u00e4dtetag ist gleichsam ein Forum f\u00fcr Information und Austausch.\u00c2\u00a0 Im kommenden Jahr wird das Vorhaben des Landes, den kommunalen Finanzausgleich neu zu regeln, eines der Kernthemen des Verbands sein.<\/p>\n<p>\u201eDieses Verfahren werden wir seitens des Hessischen St\u00e4dtetags konstruktiv und kritisch begleiten\u201c, k\u00fcndigte M\u00f6ller an, der sich selbst in seiner neuen Funktion als \u201eAnwalt der St\u00e4dte in diesem Proze\u00df\u201c sieht. Der St\u00e4dtetag werde 2008 besonders gefordert sein, \u201eunsere Interessen\u201c einzubringen. Aber nicht nur das Land, sondern auch Bund und EU sorgen durch neue Anforderungen und Ver\u00e4nderungen immer wieder f\u00fcr neue Aufgabenfelder, \u201edenen wir uns als Verband stellen werden und m\u00fcssen\u201c, betont der neu gew\u00e4hlte St\u00e4dtetagspr\u00e4sident.<\/p>\n<p>M\u00f6ller legt dabei gro\u00dfen Wert auf die Feststellung, dass es ihm darum gehe, bei den vielf\u00e4ltigen Fragen und Themen, die anstehen, \u201epraktische L\u00f6sungen aus kommunaler Sicht\u201c einzubringen\u00c2\u00a0 und breiten Konsens innerhalb des Verbands zu erzielen.<\/p>\n<p>Die Wahl des Fuldaer Verwaltungschefs\u00c2\u00a0 an die Spitze des Hessischen St\u00e4dtetages bedeutet f\u00fcr den 58-J\u00e4hrigen zus\u00e4tzliches Engagement und Zeitaufwand, dem sich M\u00f6ller jedoch optimistisch und mit Freude stellt: \u201eSt\u00e4dte und Gemeinden brauchen ein Sprachrohr. Unsere Stimme muss auf Bundes- und Landesebene Geh\u00f6r finden. Etwas im Sinne der Kommunen und ihrer Menschen zu bewegen und voranzubringen, ist f\u00fcr mich Ansporn und Herausforderung zugleich.\u201c<\/p>\n","protected":false},"excerpt":{"rendered":"<div class=\"tmnf_excerpt\"><p>Leute. Fuldas Oberb\u00fcrgermeister Gerhard M\u00f6ller (CDU) ist neuer Pr\u00e4sident des Hessischen St\u00e4dtetages. Der bisherige Verbands-Vize l\u00f6ste mit seiner Wahl auf der gemeinsamen Sitzung des Pr\u00e4sidiums und des Hauptausschusses des Hessischen St\u00e4dtetages in Haiger seinen Vorg\u00e4nger, den R\u00fcsselsheimer Oberb\u00fcrgermeister Stefan Gieltowski (SPD\u00c2\u00a0 ab, der zum Ersten Vizepr\u00e4sidenten gew\u00e4hlt wurde. M\u00f6llers Amtszeit in der Verbandsspitze dauert\u00c2\u00a0 zwei &hellip;<\/p>\n<\/div>","protected":false},"author":1,"featured_media":0,"comment_status":"closed","ping_status":"closed","sticky":false,"template":"","format":"standard","meta":{"footnotes":""},"categories":[1,29],"tags":[],"class_list":["post-6725","post","type-post","status-publish","format-standard","hentry","category-startseite","category-politik"],"_links":{"self":[{"href":"https:\/\/www.fuldaernachrichten.de\/index.php?rest_route=\/wp\/v2\/posts\/6725","targetHints":{"allow":["GET"]}}],"collection":[{"href":"https:\/\/www.fuldaernachrichten.de\/index.php?rest_route=\/wp\/v2\/posts"}],"about":[{"href":"https:\/\/www.fuldaernachrichten.de\/index.php?rest_route=\/wp\/v2\/types\/post"}],"author":[{"embeddable":true,"href":"https:\/\/www.fuldaernachrichten.de\/index.php?rest_route=\/wp\/v2\/users\/1"}],"replies":[{"embeddable":true,"href":"https:\/\/www.fuldaernachrichten.de\/index.php?rest_route=%2Fwp%2Fv2%2Fcomments&post=6725"}],"version-history":[{"count":0,"href":"https:\/\/www.fuldaernachrichten.de\/index.php?rest_route=\/wp\/v2\/posts\/6725\/revisions"}],"wp:attachment":[{"href":"https:\/\/www.fuldaernachrichten.de\/index.php?rest_route=%2Fwp%2Fv2%2Fmedia&parent=6725"}],"wp:term":[{"taxonomy":"category","embeddable":true,"href":"https:\/\/www.fuldaernachrichten.de\/index.php?rest_route=%2Fwp%2Fv2%2Fcategories&post=6725"},{"taxonomy":"post_tag","embeddable":true,"href":"https:\/\/www.fuldaernachrichten.de\/index.php?rest_route=%2Fwp%2Fv2%2Ftags&post=6725"}],"curies":[{"name":"wp","href":"https:\/\/api.w.org\/{rel}","templated":true}]}}