{"id":67244,"date":"2010-08-19T01:55:09","date_gmt":"2010-08-18T23:55:09","guid":{"rendered":"http:\/\/www.fuldaer-nachrichten.de\/?p=67244"},"modified":"2010-08-19T07:55:14","modified_gmt":"2010-08-19T05:55:14","slug":"caritas-seniorenreise-bietet-spaetsommerliche-erholung-am-suedrand-des-harzes","status":"publish","type":"post","link":"https:\/\/www.fuldaernachrichten.de\/?p=67244","title":{"rendered":"Caritas Seniorenreise bietet sp\u00e4tsommerliche Erholung am S\u00fcdrand des Harzes"},"content":{"rendered":"<p><strong>Fulda. <\/strong>Vom 3. bis 13. September k\u00f6nnen Senioren, die jetzt im Sp\u00e4tsommer noch einige Tage Entspannung und Erholung suchen, mit der Caritas Urlaub in Bad Sachsa im Harz machen. Die dortige Familienpension \u201eSeeschl\u00f6sschen\u201c liegt in Hanglage in unmittelbarer N\u00e4he des Schmelzteichs nahe dem st\u00e4dtischen Kurpark. Das Haus bietet den n\u00f6tigen Komfort \u2013 alle Zimmer sind mit dem Aufzug erreichbar und verf\u00fcgen \u00fcber eigene DU\/WC. Au\u00dferdem laden ein Wintergarten, ein Kaminzimmer mit TV sowie ein idyllischer Garten mit Liegewiese und kleinem Teich zu geselligem Beisammensein ein.<!--more--><\/p>\n<p>Ein Bus-Shuttle zur Innenstadt und zur\u00fcck ist bei Bedarf abrufbar. Wie auf allen Reisen der Caritas steht eine Begleitperson f\u00fcr alle Reiseteilnehmer als Ansprechpartner bereit, wenn es Fragen gibt oder wenn Angebote zur Freizeitgestaltung erw\u00fcnscht sind. F\u00fcr notwendige pflegerische Dienstleistungen kann die Sozialstation vor Ort auf Wunsch einbezogen werden. Interessierte erhalten unverbindlich Auskunft beim Caritasverband f\u00fcr die Di\u00f6zese Fulda, Wilhelmstr. 2, 36037 Fulda, Telefon 0661 \/ 2428-131, Fax -112,\u00c2\u00a0 oder per E-Mail unter monika.kuhnke@caritas-fulda.de. (cif)<\/p>\n","protected":false},"excerpt":{"rendered":"<div class=\"tmnf_excerpt\"><p>Fulda. Vom 3. bis 13. September k\u00f6nnen Senioren, die jetzt im Sp\u00e4tsommer noch einige Tage Entspannung und Erholung suchen, mit der Caritas Urlaub in Bad Sachsa im Harz machen. Die dortige Familienpension \u201eSeeschl\u00f6sschen\u201c liegt in Hanglage in unmittelbarer N\u00e4he des Schmelzteichs nahe dem st\u00e4dtischen Kurpark. Das Haus bietet den n\u00f6tigen Komfort \u2013 alle Zimmer sind &hellip;<\/p>\n<\/div>","protected":false},"author":1,"featured_media":0,"comment_status":"closed","ping_status":"closed","sticky":false,"template":"","format":"standard","meta":{"footnotes":""},"categories":[1],"tags":[],"class_list":["post-67244","post","type-post","status-publish","format-standard","hentry","category-startseite"],"_links":{"self":[{"href":"https:\/\/www.fuldaernachrichten.de\/index.php?rest_route=\/wp\/v2\/posts\/67244","targetHints":{"allow":["GET"]}}],"collection":[{"href":"https:\/\/www.fuldaernachrichten.de\/index.php?rest_route=\/wp\/v2\/posts"}],"about":[{"href":"https:\/\/www.fuldaernachrichten.de\/index.php?rest_route=\/wp\/v2\/types\/post"}],"author":[{"embeddable":true,"href":"https:\/\/www.fuldaernachrichten.de\/index.php?rest_route=\/wp\/v2\/users\/1"}],"replies":[{"embeddable":true,"href":"https:\/\/www.fuldaernachrichten.de\/index.php?rest_route=%2Fwp%2Fv2%2Fcomments&post=67244"}],"version-history":[{"count":2,"href":"https:\/\/www.fuldaernachrichten.de\/index.php?rest_route=\/wp\/v2\/posts\/67244\/revisions"}],"predecessor-version":[{"id":67349,"href":"https:\/\/www.fuldaernachrichten.de\/index.php?rest_route=\/wp\/v2\/posts\/67244\/revisions\/67349"}],"wp:attachment":[{"href":"https:\/\/www.fuldaernachrichten.de\/index.php?rest_route=%2Fwp%2Fv2%2Fmedia&parent=67244"}],"wp:term":[{"taxonomy":"category","embeddable":true,"href":"https:\/\/www.fuldaernachrichten.de\/index.php?rest_route=%2Fwp%2Fv2%2Fcategories&post=67244"},{"taxonomy":"post_tag","embeddable":true,"href":"https:\/\/www.fuldaernachrichten.de\/index.php?rest_route=%2Fwp%2Fv2%2Ftags&post=67244"}],"curies":[{"name":"wp","href":"https:\/\/api.w.org\/{rel}","templated":true}]}}