{"id":67237,"date":"2010-08-19T00:56:19","date_gmt":"2010-08-18T22:56:19","guid":{"rendered":"http:\/\/www.fuldaer-nachrichten.de\/?p=67237"},"modified":"2010-08-19T07:57:12","modified_gmt":"2010-08-19T05:57:12","slug":"gebaeudehuelle-der-huenfelder-kreissporthalle-steht-aufenthaltsraeume-fuer-sportveranstaltungen","status":"publish","type":"post","link":"https:\/\/www.fuldaernachrichten.de\/?p=67237","title":{"rendered":"Geb\u00e4udeh\u00fclle der H\u00fcnfelder Kreissporthalle steht &#8211; Aufenthaltsr\u00e4ume f\u00fcr Sportveranstaltungen"},"content":{"rendered":"<p><strong><a href=\"http:\/\/www.fuldaer-nachrichten.de\/wp-content\/uploads\/2010\/08\/100818_Anbau.jpg\"><img decoding=\"async\" class=\"alignleft size-thumbnail wp-image-67239\" title=\"100818_Anbau\" src=\"http:\/\/www.fuldaer-nachrichten.de\/wp-content\/uploads\/2010\/08\/100818_Anbau-265x175.jpg\" alt=\"\" width=\"265\" height=\"175\" srcset=\"https:\/\/www.fuldaernachrichten.de\/wp-content\/uploads\/2010\/08\/100818_Anbau-265x175.jpg 265w, https:\/\/www.fuldaernachrichten.de\/wp-content\/uploads\/2010\/08\/100818_Anbau.jpg 592w\" sizes=\"(max-width: 265px) 100vw, 265px\" \/><\/a>H\u00fcnfeld. <\/strong>Die Geb\u00e4udeh\u00fclle f\u00fcr den Anbau an der Kreissporthalle in der H\u00fcnfelder Jahnstra\u00dfe steht. Bei einem Ortstermin informierte der Vorsitzende des H\u00fcnfelder Sportvereins, Lothar Mihm, gemeinsam mit dem Abteilungsleiter der Handballer, Martin Abel, B\u00fcrgermeister Dr. Eberhard Fennel und dem Vorsitzenden der Sportkommission, Theo Fl\u00fcgel, \u00fcber den Fortgang der Arbeiten. Der Anbau wurde errichtet, weil bei gr\u00f6\u00dferen Sportveranstaltungen in der Kreissporthalle immer wieder Aufenthaltsr\u00e4ume fehlten. Deshalb stellte sich der H\u00fcnfelder Sportverein als Bauherr zur Verf\u00fcgung. Aber auch f\u00fcr Schulsportveranstaltungen oder auch das Nightstreetball-Turnier soll der Anbau genutzt werden. Auf den rund 65 Quadratmetern Fl\u00e4che entstehen Sozialr\u00e4ume und ein Aufenthaltsbereich, der beispielsweise f\u00fcr Schiedsrichterbesprechungen, f\u00fcr Seminare und Mannschaftssitzungen, aber auch als Aufenthaltsraum w\u00e4hrend sportlicher Veranstaltungen in der Halle genutzt werden kann. Deshalb wurde in der Wand ein gro\u00dffl\u00e4chiges Fenster eingebaut, um direkten Sichtkontakt zur Halle zur haben.<!--more--><\/p>\n<p>Die Finanzierung des Vorhabens konnte aus verschiedenen F\u00f6rdert\u00f6pfen sichergestellt werden. Das Land Hessen stellt aus Mitteln des Sonderprogramms \u201eSportland Hessen\u201c 70.000 Euro zur Verf\u00fcgung, der \u201eKonzern Stadt H\u00fcnfeld\u201c 18.600 Euro und der Landkreis, der die R\u00e4umlichkeiten auch f\u00fcr seine schulischen Eigenveranstaltungen mitnutzen will, 43 630 Euro. Der Verein brachte Eigenmittel in H\u00f6he von 31 094 Euro auf und beteiligt sich dar\u00fcber hinaus mit rund 23 000 Euro an Eigenleistungen. W\u00e4hrend die Geb\u00e4udeh\u00fclle mittlerweile fertig gestellt ist, soll nun der Innenausbau vorangetrieben werden. Die Abdichtungsarbeiten sind soweit abgeschlossen, dass jetzt der Fu\u00dfbodenaufbau eingebracht werden kann. Eine spezielle Fensterkonstruktion erlaubt es dar\u00fcber hinaus, dass dieser Raum auch zum Vorplatz der Halle komplett ge\u00f6ffnet werden kann.<\/p>\n<p>Ausl\u00f6ser des Vorhabens war nach den Worten von B\u00fcrgermeister Dr. Eberhard Fennel insbesondere die Handballabteilung des H\u00fcnfelder Sportvereins mit ihren 360 aktiven Spielern, die bei Turnieren und gro\u00dfen Heimspielen immer wieder Probleme hatten, ihren G\u00e4sten au\u00dferhalb der Trib\u00fcnen einen Aufenthaltsbereich anbieten zu k\u00f6nnen. Au\u00dferdem fehlte es an geeigneten R\u00e4umlichkeiten f\u00fcr Besprechungen, Sitzungen und theoretische Unterweisungen. Die Vereinbarung, die mit dem Landkreis Fulda f\u00fcr den Bau getroffen worden war, sieht aber vor, dass auch andere Vereine, Veranstalter und die Schulen diese R\u00e4umlichkeiten bei Bedarf mitnutzen k\u00f6nnen.<\/p>\n","protected":false},"excerpt":{"rendered":"<div class=\"tmnf_excerpt\"><p>H\u00fcnfeld. Die Geb\u00e4udeh\u00fclle f\u00fcr den Anbau an der Kreissporthalle in der H\u00fcnfelder Jahnstra\u00dfe steht. Bei einem Ortstermin informierte der Vorsitzende des H\u00fcnfelder Sportvereins, Lothar Mihm, gemeinsam mit dem Abteilungsleiter der Handballer, Martin Abel, B\u00fcrgermeister Dr. Eberhard Fennel und dem Vorsitzenden der Sportkommission, Theo Fl\u00fcgel, \u00fcber den Fortgang der Arbeiten. Der Anbau wurde errichtet, weil bei &hellip;<\/p>\n<\/div>","protected":false},"author":1,"featured_media":0,"comment_status":"closed","ping_status":"closed","sticky":false,"template":"","format":"standard","meta":{"footnotes":""},"categories":[1],"tags":[],"class_list":["post-67237","post","type-post","status-publish","format-standard","hentry","category-startseite"],"_links":{"self":[{"href":"https:\/\/www.fuldaernachrichten.de\/index.php?rest_route=\/wp\/v2\/posts\/67237","targetHints":{"allow":["GET"]}}],"collection":[{"href":"https:\/\/www.fuldaernachrichten.de\/index.php?rest_route=\/wp\/v2\/posts"}],"about":[{"href":"https:\/\/www.fuldaernachrichten.de\/index.php?rest_route=\/wp\/v2\/types\/post"}],"author":[{"embeddable":true,"href":"https:\/\/www.fuldaernachrichten.de\/index.php?rest_route=\/wp\/v2\/users\/1"}],"replies":[{"embeddable":true,"href":"https:\/\/www.fuldaernachrichten.de\/index.php?rest_route=%2Fwp%2Fv2%2Fcomments&post=67237"}],"version-history":[{"count":2,"href":"https:\/\/www.fuldaernachrichten.de\/index.php?rest_route=\/wp\/v2\/posts\/67237\/revisions"}],"predecessor-version":[{"id":67351,"href":"https:\/\/www.fuldaernachrichten.de\/index.php?rest_route=\/wp\/v2\/posts\/67237\/revisions\/67351"}],"wp:attachment":[{"href":"https:\/\/www.fuldaernachrichten.de\/index.php?rest_route=%2Fwp%2Fv2%2Fmedia&parent=67237"}],"wp:term":[{"taxonomy":"category","embeddable":true,"href":"https:\/\/www.fuldaernachrichten.de\/index.php?rest_route=%2Fwp%2Fv2%2Fcategories&post=67237"},{"taxonomy":"post_tag","embeddable":true,"href":"https:\/\/www.fuldaernachrichten.de\/index.php?rest_route=%2Fwp%2Fv2%2Ftags&post=67237"}],"curies":[{"name":"wp","href":"https:\/\/api.w.org\/{rel}","templated":true}]}}